{"id":12281,"date":"2015-11-10T17:10:20","date_gmt":"2015-11-10T19:10:20","guid":{"rendered":"http:\/\/catolicanet.net\/wp-cnet\/2015\/11\/10\/quenia-mobiliza-10-mil-policiais-para-a-seguranca-do-papa\/"},"modified":"2017-05-30T13:54:28","modified_gmt":"2017-05-30T16:54:28","slug":"quenia-mobiliza-10-mil-policiais-para-a-seguranca-do-papa","status":"publish","type":"post","link":"https:\/\/catolicanet.net\/wp-cnet\/quenia-mobiliza-10-mil-policiais-para-a-seguranca-do-papa\/","title":{"rendered":"Qu\u00eania mobiliza 10 mil policiais para a seguran\u00e7a do Papa"},"content":{"rendered":"<p style=\"text-align: justify;\"><img decoding=\"async\" src=\"http:\/\/catolicanet.com.br\/images\/stories\/epa1895651_articolo.jpg\" border=\"0\" align=\"left\" \/>O governo do Qu\u00eania anunciou que deve mobilizar 10 mil policiais para garantir a seguran\u00e7a durante a visita do Papa Francisco no final do m\u00eas.<\/p>\n<p>\u201cAs ag\u00eancias de seguran\u00e7a continuam ajustando os planos para garantir a seguran\u00e7a da cidade durante um per\u00edodo especialmente intenso, no qual esperamos um milh\u00e3o de pessoas a mais em Nair\u00f3bi\u201d, afirma um comunicado assinado pelo porta-voz da presid\u00eancia, Manoah Esipisu.<\/p>\n<p>O porta-voz informou que 10 mil agentes de pol\u00edcia podem ser mobilizados, enquanto outros 10 mil integrantes das unidades da juventude ajudar\u00e3o a controlar a multid\u00e3o.<\/p>\n<p>O Sumo Pont\u00edfice visitar\u00e1 o Qu\u00eania de 25 a 27 de novembro. Depois passar\u00e1 dois dias em Uganda e encerrar\u00e1 a viagem na Rep\u00fablica Centro-Africana em 30 de novembro.<\/p>\n<p>O Qu\u00eania continua traumatizado por causa\u00a0 de uma s\u00e9rie de atentados de fundamentalistas isl\u00e2micos, como o de abril contra a Universidade de Garissa, onde morreram 148 pessoas, ou o ataque de 2013 ao centro comercial Westgate de Nair\u00f3bi, que deixou 67 mortos.<\/p>\n<p style=\"text-align: justify;\">Fonte: R\u00e1dio Vaticano<\/p>\n","protected":false},"excerpt":{"rendered":"<p>O governo do Qu\u00eania anunciou que deve mobilizar 10 mil policiais para garantir a seguran\u00e7a durante a visita do Papa Francisco no final do m\u00eas. \u201cAs ag\u00eancias de seguran\u00e7a continuam ajustando os planos para garantir a seguran\u00e7a da cidade durante um per\u00edodo especialmente intenso, no qual esperamos um milh\u00e3o de pessoas a mais em Nair\u00f3bi\u201d, [&hellip;]<\/p>\n","protected":false},"author":1,"featured_media":0,"comment_status":"open","ping_status":"open","sticky":false,"template":"","format":"standard","meta":{"footnotes":""},"categories":[3],"tags":[],"class_list":["post-12281","post","type-post","status-publish","format-standard","hentry","category-vaticano"],"_links":{"self":[{"href":"https:\/\/catolicanet.net\/wp-cnet\/wp-json\/wp\/v2\/posts\/12281","targetHints":{"allow":["GET"]}}],"collection":[{"href":"https:\/\/catolicanet.net\/wp-cnet\/wp-json\/wp\/v2\/posts"}],"about":[{"href":"https:\/\/catolicanet.net\/wp-cnet\/wp-json\/wp\/v2\/types\/post"}],"author":[{"embeddable":true,"href":"https:\/\/catolicanet.net\/wp-cnet\/wp-json\/wp\/v2\/users\/1"}],"replies":[{"embeddable":true,"href":"https:\/\/catolicanet.net\/wp-cnet\/wp-json\/wp\/v2\/comments?post=12281"}],"version-history":[{"count":1,"href":"https:\/\/catolicanet.net\/wp-cnet\/wp-json\/wp\/v2\/posts\/12281\/revisions"}],"predecessor-version":[{"id":24592,"href":"https:\/\/catolicanet.net\/wp-cnet\/wp-json\/wp\/v2\/posts\/12281\/revisions\/24592"}],"wp:attachment":[{"href":"https:\/\/catolicanet.net\/wp-cnet\/wp-json\/wp\/v2\/media?parent=12281"}],"wp:term":[{"taxonomy":"category","embeddable":true,"href":"https:\/\/catolicanet.net\/wp-cnet\/wp-json\/wp\/v2\/categories?post=12281"},{"taxonomy":"post_tag","embeddable":true,"href":"https:\/\/catolicanet.net\/wp-cnet\/wp-json\/wp\/v2\/tags?post=12281"}],"curies":[{"name":"wp","href":"https:\/\/api.w.org\/{rel}","templated":true}]}}