{"id":12276,"date":"2015-11-10T11:50:41","date_gmt":"2015-11-10T13:50:41","guid":{"rendered":"http:\/\/catolicanet.net\/wp-cnet\/2015\/11\/10\/papa-a-igreja-italiana-inovar-com-liberdade-sem-obsessao-pelo-poder\/"},"modified":"2017-06-02T11:37:01","modified_gmt":"2017-06-02T14:37:01","slug":"papa-a-igreja-italiana-inovar-com-liberdade-sem-obsessao-pelo-poder","status":"publish","type":"post","link":"https:\/\/catolicanet.net\/wp-cnet\/papa-a-igreja-italiana-inovar-com-liberdade-sem-obsessao-pelo-poder\/","title":{"rendered":"Papa \u00e0 Igreja italiana: inovar com liberdade, sem obsess\u00e3o pelo poder"},"content":{"rendered":"<p style=\"text-align: justify;\"><img decoding=\"async\" src=\"http:\/\/catolicanet.com.br\/images\/stories\/ap3166287_articolo.jpg\" border=\"0\" align=\"left\" \/>Ao chegar a Floren\u00e7a, oriundo de Prato, o primeiro compromisso de Francisco foi na Catedral da cidade, onde encontrou os participantes do V Congresso Eclesial da Igreja italiana.<\/p>\n<p>O discurso do Santo Padre foi inspirado no tema do Congresso: \u201cO novo humanismo em Cristo Jesus\u201d.<\/p>\n<p>Para Francisco, podemos falar de humanismo somente a partir da centralidade de Jesus, descobrindo Nele os tra\u00e7os do rosto aut\u00eantico do homem. \u201c\u00c9 a contempla\u00e7\u00e3o da face de Jesus morto e ressuscitado que recomp\u00f5e a nossa humanidade, inclusive daquela fragmentada pelas fadigas da vida ou marcada pelo pecado. N\u00e3o devemos domesticar a pot\u00eancia do rosto de Jesus. O rosto \u00e9 a imagem da sua transcend\u00eancia. Jesus \u00e9 o nosso humanismo\u201d, disse o Papa.<\/p>\n<p>O Pont\u00edfice ressaltou que a face de Jesus \u00e9 semelhante \u00e0quela de tantos nossos irm\u00e3os humilhados e escravizados. E indicou tr\u00eas sentimentos que caracterizam o humanismo crist\u00e3o: a humildade, o desinteresse pr\u00f3prio e a bem-aventuran\u00e7a.<\/p>\n<p>Dirigindo-se \u00e0 Igreja italiana, o Papa recorda que seus membros n\u00e3o devem ser obcecados pelo poder, evitando pelo menos duas tenta\u00e7\u00f5es: a do pelagianismo e a do gnosticismo. E recomenda o que escreveu na Exorta\u00e7\u00e3o Apost\u00f3lica Evangelii gaudium, isto \u00e9, a inclus\u00e3o social dos pobres e a capacidade de encontro e de di\u00e1logo.<\/p>\n<p>\u201cEste nosso tempo requer viver os problemas como desafios e n\u00e3o como obst\u00e1culos\u201d, disse Francisco, que descreveu o que espera da Igreja italiana:<\/p>\n<p>\u201cApraz-me uma Igreja italiana inquieta, sempre mais pr\u00f3xima dos abandonados, dos esquecidos, dos imperfeitos. Desejo uma Igreja alegre com o rosto de m\u00e3e, que compreende, acompanha e acaricia. Sonhem tamb\u00e9m voc\u00eas esta Igreja, acreditem nela, inovem com liberdade. Sejam criativos ao expressar o g\u00eanio que os grandes desta terra, de Dante a Michelangelo, expressaram de modo inigual\u00e1vel.\u201d<\/p>\n<p>\u201cN\u00e3o cabe a mim dizer como realizar este sonho\u201d, finalizou Francisco, mas indicou o aprofundamento nos pr\u00f3ximos anos de sua Exorta\u00e7\u00e3o Evangelii gaudium, de onde colher os crit\u00e9rios pr\u00e1ticos e para aplicar as suas diretrizes.<\/p>\n<p style=\"text-align: justify;\">Fonte: R\u00e1dio Vaticano<\/p>\n","protected":false},"excerpt":{"rendered":"<p>Ao chegar a Floren\u00e7a, oriundo de Prato, o primeiro compromisso de Francisco foi na Catedral da cidade, onde encontrou os participantes do V Congresso Eclesial da Igreja italiana. O discurso do Santo Padre foi inspirado no tema do Congresso: \u201cO novo humanismo em Cristo Jesus\u201d. Para Francisco, podemos falar de humanismo somente a partir da [&hellip;]<\/p>\n","protected":false},"author":1,"featured_media":0,"comment_status":"open","ping_status":"open","sticky":false,"template":"","format":"standard","meta":{"footnotes":""},"categories":[3],"tags":[],"class_list":["post-12276","post","type-post","status-publish","format-standard","hentry","category-vaticano"],"_links":{"self":[{"href":"https:\/\/catolicanet.net\/wp-cnet\/wp-json\/wp\/v2\/posts\/12276","targetHints":{"allow":["GET"]}}],"collection":[{"href":"https:\/\/catolicanet.net\/wp-cnet\/wp-json\/wp\/v2\/posts"}],"about":[{"href":"https:\/\/catolicanet.net\/wp-cnet\/wp-json\/wp\/v2\/types\/post"}],"author":[{"embeddable":true,"href":"https:\/\/catolicanet.net\/wp-cnet\/wp-json\/wp\/v2\/users\/1"}],"replies":[{"embeddable":true,"href":"https:\/\/catolicanet.net\/wp-cnet\/wp-json\/wp\/v2\/comments?post=12276"}],"version-history":[{"count":1,"href":"https:\/\/catolicanet.net\/wp-cnet\/wp-json\/wp\/v2\/posts\/12276\/revisions"}],"predecessor-version":[{"id":28252,"href":"https:\/\/catolicanet.net\/wp-cnet\/wp-json\/wp\/v2\/posts\/12276\/revisions\/28252"}],"wp:attachment":[{"href":"https:\/\/catolicanet.net\/wp-cnet\/wp-json\/wp\/v2\/media?parent=12276"}],"wp:term":[{"taxonomy":"category","embeddable":true,"href":"https:\/\/catolicanet.net\/wp-cnet\/wp-json\/wp\/v2\/categories?post=12276"},{"taxonomy":"post_tag","embeddable":true,"href":"https:\/\/catolicanet.net\/wp-cnet\/wp-json\/wp\/v2\/tags?post=12276"}],"curies":[{"name":"wp","href":"https:\/\/api.w.org\/{rel}","templated":true}]}}