{"id":12274,"date":"2015-11-10T11:24:28","date_gmt":"2015-11-10T13:24:28","guid":{"rendered":"http:\/\/catolicanet.net\/wp-cnet\/2015\/11\/10\/papa-qcombater-cancer-da-corrupcao-e-veneno-da-ilegalidadeq\/"},"modified":"2017-06-02T13:14:51","modified_gmt":"2017-06-02T16:14:51","slug":"papa-qcombater-cancer-da-corrupcao-e-veneno-da-ilegalidadeq","status":"publish","type":"post","link":"https:\/\/catolicanet.net\/wp-cnet\/papa-qcombater-cancer-da-corrupcao-e-veneno-da-ilegalidadeq\/","title":{"rendered":"Papa: &#8220;Combater c\u00e2ncer da corrup\u00e7\u00e3o e veneno da ilegalidade&#8221;"},"content":{"rendered":"<p style=\"text-align: justify;\"><img decoding=\"async\" src=\"http:\/\/catolicanet.com.br\/images\/stories\/afp4704128_articolo.jpg\" border=\"0\" align=\"left\" \/>A cidade \u2018mais chinesa\u2019 da It\u00e1lia, e uma das mais multiculturais da Europa, Prato, recebeu o Papa nesta ter\u00e7a-feira (10\/11) com sol e muita gente nas ruas. Cerca de 30 mil vieram de localidades vizinhas e desde \u00e0s 6h, a cidade estava tomada. O helic\u00f3ptero proveniente do Vaticano aterrissou \u00e0s 7h45 no est\u00e1dio da cidade e com o papam\u00f3vel, Francisco chegou ao adro, de onde se dirigiu \u00e0 multid\u00e3o. <\/p>\n<p>A cidade de Prato \u2013 como explica o bispo, Dom Agostinelli \u2013 tem 191 mil habitantes, dos quais 34.600 (18,12%) s\u00e3o estrangeiros. A maior parte, 16 mil, s\u00e3o chineses; e outras grandes comunidades s\u00e3o formadas por albaneses, romenos, paquistaneses e marroquinos. A ind\u00fastria t\u00eaxtil \u00e9 o motor desta sociedade.<\/p>\n<p>Antes de proferir seu discurso, o Papa entrou na Bas\u00edlica para venerar o \u2018Santo Cinto\u2019, rel\u00edquia que, de acordo com uma lenda medieval, teria sido lan\u00e7ada do c\u00e9u pela Virgem Maria a S\u00e3o Tom\u00e9 durante a Assun\u00e7\u00e3o. O Cinto da Virgem \u00e9 um peda\u00e7o de tecido de l\u00e3 verde, com cerca de 90 cent\u00edmetros, tendo em suas extremidades pequenas cordas para amarr\u00e1-lo. A rel\u00edquia \u00e9 exposta \u00e0 venera\u00ac\u00e7\u00e3o p\u00fablica cinco vezes ao ano: na P\u00e1scoa, nos dias 1\u00ba de maio, 15 de agosto, 8 de dezembro e no Natal. Nessas ocasi\u00f5es, ela \u00e9 colocada no p\u00falpito externo, \u00e0 direita da Catedral, local de onde falou o Papa.<\/p>\n<p>A &#8216;cidade de Maria&#8217;<\/p>\n<p>Este \u2018sinal de b\u00ean\u00e7\u00e3o\u2019 para a cidade sugeriu a Francisco a inspira\u00e7\u00e3o para o seu\u00a0 primeiro discurso. O primeiro pensamento leva ao caminho de salva\u00e7\u00e3o empreendido pelo povo de Israel, da escravid\u00e3o do Egito \u00e0 terra prometida. Antes de libert\u00e1-lo, o Senhor pediu para celebrar a ceia pascal e com\u00ea-la \u2018com os rins cingidos\u2019: cerrar as vestes significa estar prontos, preparar-se para partir, para colocar-se em caminho. <\/p>\n<p>\u201c\u00c9 este o convite do Senhor ainda hoje, mais do que nunca: a n\u00e3o ficarmos fechados na indiferen\u00e7a, mas a nos abrirmos, a sentirmo-nos chamados para deixar nossas coisas e ir at\u00e9 o outro, a compartilhar a alegria de encontrar o Senhor e a fadiga de caminhar na sua estrada\u201d.<\/p>\n<p>Prosseguindo, o Papa encorajou os presentes a arriscarem, a aproximarem-se dos homens e mulheres de nosso tempo, a tomar a iniciativa e envolverem-se, sem medo, pois n\u00e3o existe f\u00e9 sem riscos. E neste sentido, agradeceu a cidadania pelos esfor\u00e7os desta comunidade na integra\u00e7\u00e3o, contrastando a cultura da indiferen\u00e7a e do descarte. Elogiou ainda as iniciativas de inclus\u00e3o dos mais fr\u00e1geis.<\/p>\n<p>O segundo pensamento do Papa se inspirou no convite feito por S\u00e3o Paulo a vestirmos uma coura\u00e7a \u2018particular\u2019, a de Deus, que combate os esp\u00edritos do mal cinge com a verdade:<\/p>\n<p>\u201cN\u00e3o se pode fundar nada de bom sobre as tramas da mentira e da falta de transpar\u00eancia. Procurar e optar sempre pela verdade n\u00e3o \u00e9 f\u00e1cil; \u00e9 uma decis\u00e3o vital que marca profundamente a exist\u00eancia de cada um e da sociedade, para que seja mais justa e honesta. A sacralidade de todo ser humano requer, para cada um, respeito, acolhida e um trabalho digno\u201d. <\/p>\n<p>Trag\u00e9dia do trabalho<\/p>\n<p>Fora do texto, o Papa recordou os 7 oper\u00e1rios chineses mortos h\u00e1 dois anos em um inc\u00eandio na zona industrial de Prato. Moravam dentro do galp\u00e3o no qual trabalhavam, em um dormit\u00f3rio feito de reboco: uma trag\u00e9dia da explora\u00e7\u00e3o \u2013 disse &#8211; que representa condi\u00e7\u00f5es de vida desumanas.\u00a0 <\/p>\n<p>\u201cA vida de toda comunidade exige que se combatam, at\u00e9 o fim, o \u2018c\u00e2ncer\u2019 da corrup\u00e7\u00e3o e o veneno da ilegalidade. Dentro de n\u00f3s e junto aos outros, n\u00e3o nos cansemos de lutar pela verdade!\u201d, prosseguiu.<\/p>\n<p>Encorajamento aos jovens<\/p>\n<p>Terminando, Francisco convidou os jovens a n\u00e3o cederem ao pessimismo e \u00e0 acomoda\u00e7\u00e3o, agradecendo-os pelas ora\u00e7\u00f5es. \u201cMaria \u00e9 quem transformou o s\u00e1bado da desilus\u00e3o no alvorecer da ressurrei\u00e7\u00e3o. Quem se sente cansado e oprimido pelas circunst\u00e2ncias da vida, confie em nossa M\u00e3e que est\u00e1 perto de n\u00f3s e nos consola\u201d. <\/p>\n<p>Ap\u00f3s a missa, um casal de desempregados, tr\u00eas sindicalistas e representantes das comunidades chinesa, ucraniana, polonesa, romena, filipina, nigeriana e paquistanesa, al\u00e9m de representantes das institui\u00e7\u00f5es locais, prefeitos da prov\u00edncia, associa\u00e7\u00f5es de diferentes categorias \u2013 um total de 60 pessoas, saudaram o Papa pessoalmente.<\/p>\n<p>Um \u2018ciao Papa\u2019 escrito em chin\u00eas saudou o Papa enquanto o p\u00e1roco da comunidade, Pe. Roberto, doou ao Pont\u00edfice dois quadros em estilo chin\u00eas retratando Santa Maria e o Esp\u00edrito Santo. E a Pra\u00e7a continuou aplaudindo e gritando \u201cFrancesco\u201d.<\/p>\n<p style=\"text-align: justify;\">Fonte: R\u00e1dio Vaticano<\/p>\n","protected":false},"excerpt":{"rendered":"<p>A cidade \u2018mais chinesa\u2019 da It\u00e1lia, e uma das mais multiculturais da Europa, Prato, recebeu o Papa nesta ter\u00e7a-feira (10\/11) com sol e muita gente nas ruas. Cerca de 30 mil vieram de localidades vizinhas e desde \u00e0s 6h, a cidade estava tomada. O helic\u00f3ptero proveniente do Vaticano aterrissou \u00e0s 7h45 no est\u00e1dio da cidade [&hellip;]<\/p>\n","protected":false},"author":1,"featured_media":0,"comment_status":"open","ping_status":"open","sticky":false,"template":"","format":"standard","meta":{"footnotes":""},"categories":[3],"tags":[],"class_list":["post-12274","post","type-post","status-publish","format-standard","hentry","category-vaticano"],"_links":{"self":[{"href":"https:\/\/catolicanet.net\/wp-cnet\/wp-json\/wp\/v2\/posts\/12274","targetHints":{"allow":["GET"]}}],"collection":[{"href":"https:\/\/catolicanet.net\/wp-cnet\/wp-json\/wp\/v2\/posts"}],"about":[{"href":"https:\/\/catolicanet.net\/wp-cnet\/wp-json\/wp\/v2\/types\/post"}],"author":[{"embeddable":true,"href":"https:\/\/catolicanet.net\/wp-cnet\/wp-json\/wp\/v2\/users\/1"}],"replies":[{"embeddable":true,"href":"https:\/\/catolicanet.net\/wp-cnet\/wp-json\/wp\/v2\/comments?post=12274"}],"version-history":[{"count":1,"href":"https:\/\/catolicanet.net\/wp-cnet\/wp-json\/wp\/v2\/posts\/12274\/revisions"}],"predecessor-version":[{"id":28423,"href":"https:\/\/catolicanet.net\/wp-cnet\/wp-json\/wp\/v2\/posts\/12274\/revisions\/28423"}],"wp:attachment":[{"href":"https:\/\/catolicanet.net\/wp-cnet\/wp-json\/wp\/v2\/media?parent=12274"}],"wp:term":[{"taxonomy":"category","embeddable":true,"href":"https:\/\/catolicanet.net\/wp-cnet\/wp-json\/wp\/v2\/categories?post=12274"},{"taxonomy":"post_tag","embeddable":true,"href":"https:\/\/catolicanet.net\/wp-cnet\/wp-json\/wp\/v2\/tags?post=12274"}],"curies":[{"name":"wp","href":"https:\/\/api.w.org\/{rel}","templated":true}]}}