{"id":12272,"date":"2015-11-10T11:02:53","date_gmt":"2015-11-10T13:02:53","guid":{"rendered":"http:\/\/catolicanet.net\/wp-cnet\/2015\/11\/10\/exemplos-nao-edificantes-na-curia-romana\/"},"modified":"2017-05-09T12:00:19","modified_gmt":"2017-05-09T15:00:19","slug":"exemplos-nao-edificantes-na-curia-romana","status":"publish","type":"post","link":"https:\/\/catolicanet.net\/wp-cnet\/exemplos-nao-edificantes-na-curia-romana\/","title":{"rendered":"Exemplos n\u00e3o edificantes na C\u00faria Romana"},"content":{"rendered":"<p style=\"text-align: justify;\">A Igreja \u00e9 sinal e instrumento do Reino de Deus \u00e0 medida que ela se esfor\u00e7a para viver e praticar o que Jesus de Nazar\u00e9 ensinou, de acordo o Conc\u00edlio Vaticano II, ofertando ao mundo um despojado e vivo testemunho do amor de Deus ao mundo, nas palavras daquele que ardentemente a desejou santa e imaculada, dando uma vis\u00e3o antecipada, quando tudo se consumar\u00e1 em um novo c\u00e9u e uma nova terra, onde os justos viver\u00e3o em Deus e com Deus, na esperan\u00e7a de que vivemos do an\u00fancio do Servo bom e fiel. \u201cDepois que Jo\u00e3o Batista foi preso, Jesus foi para a Galileia, pregando o Evangelho de Deus e dizendo: O tempo j\u00e1 se completou e o Reino de Deus est\u00e1 pr\u00f3ximo. Convertei-vos e crede no Evangelho!\u201d (Mc 1, 14-15). A Igreja como hierarquia e povo de Deus deve se conscientizar sempre mais da sua natureza mission\u00e1ria, a partir dos valores do Evangelho, na busca de vivenci\u00e1-lo; jamais pode prescindir da sua prec\u00edpua miss\u00e3o: a de colocar-se a servi\u00e7o da instaura\u00e7\u00e3o e dilata\u00e7\u00e3o do Reino de Deus. Na ora\u00e7\u00e3o do Pai-Nosso, ensinada pelo Filho de Deus aos disc\u00edpulos, nas sete s\u00faplicas, que sempre fique diante dos nossos olhos, mente e cora\u00e7\u00e3o a maior: \u201cVenha a n\u00f3s o vosso Reino\u201d.<br \/>De acordo com a coer\u00eancia franciscana do Cardeal Lorscheider, qu\u00e3o assaz deve ser a ideia de passar de uma Igreja-Institui\u00e7\u00e3o, de uma Igreja Sociedade Perfeita, para uma Igreja Comunidade, inserida no mundo e a servi\u00e7o do Reino de Deus; de uma Igreja poder para uma Igreja pobre, despojada, peregrina; de uma Igreja autoridade para uma Igreja serva, servidora e toda ministerial; de uma Igreja piramidal para uma Igreja povo; de uma Igreja pura e sem mancha para uma Igreja santa e pecadora, sempre necessitada de convers\u00e3o e de reforma; de uma Igreja cristandade para uma Igreja comunh\u00e3o e miss\u00e3o, uma Igreja toda mission\u00e1ria. Mesmo que a ora\u00e7\u00e3o de Jesus, \u201cVenha a n\u00f3s o vosso reino\u201d, ainda esteja longe de entrar na mente e no cora\u00e7\u00e3o de muitos crist\u00e3os, come\u00e7ando com a comunidade central da Igreja Cat\u00f3lica, o Vaticano, n\u00e3o pode jamais deixar de perseguir e sonhar, esperan\u00e7osos, com o que nos \u00e9 reservado nas palavras de Francisco: \u201cNo fim, nos encontraremos face a face com a beleza infinita de Deus (cf.1 Cor 13, 12) e poderemos ler, com jubilosa admira\u00e7\u00e3o, o mist\u00e9rio do Universo, o qual ter\u00e1 parte conosco na plenitude sem fim\u201d (Laudato Si&#8217;, 243).<br \/>A rea\u00e7\u00e3o do Papa Francisco, na Pra\u00e7a de S\u00e3o Pedro, ap\u00f3s a recita\u00e7\u00e3o do \u00c2ngelus (08\/11\/2015), diante da divulga\u00e7\u00e3o de informa\u00e7\u00e3o confidencial, assegurou que a reforma vai prosseguir, com ora\u00e7\u00e3o, confian\u00e7a e esperan\u00e7a: \u201cQuero assegurar-vos que este triste fato n\u00e3o me desvia, certamente, do trabalho de reforma que estamos a levar por diante, com os meus colaboradores e com o apoio de todos v\u00f3s\u201d. Lamentou e disse com veem\u00eancia que o roubo dos documentos, que deveria ser secreto, constitui um crime, um ato deplor\u00e1vel que n\u00e3o contribui em nada.<br \/>Not\u00edcias fartas do dia 2 de novembro de 2015 oriundas do Vaticano sobre a pris\u00e3o do monsenhor Lucio Angel Vallejo Balda e de Francesca Chaouqui, respectivamente secret\u00e1rio e membro da Comiss\u00e3o relativa ao estudo e orienta\u00e7\u00e3o sobre a organiza\u00e7\u00e3o das estruturas econ\u00f4mico-administrativas da Santa S\u00e9 (COSEA), institu\u00edda pelo Papa Francisco em julho de 2013 e posteriormente dissolvida ap\u00f3s cumprir o seu mandato. Claro ficou que dados revelados nos livros \u201cVia Crucis\u201d, de Gianluigi Nuzzi, e \u201cAvarizia\u201d, de Emiliano Fittipaldi, publicados na It\u00e1lia, t\u00eam a sua origem na COSEA.<br \/>O Papa explicou que foi ele pr\u00f3prio que pediu que se fizesse esse estudo sobre a situa\u00e7\u00e3o financeira e patrimonial das institui\u00e7\u00f5es da Santa S\u00e9 e do Estado da Cidade do Vaticano. \u201cEu e os meus colaboradores conhec\u00edamos bem esses documentos e foram tomadas medidas que come\u00e7aram a dar frutos, alguns dos quais vis\u00edveis\u201d. Da\u00ed o insistente pedido de ora\u00e7\u00e3o e apoio do Santo Padre a todos os cat\u00f3licos pelo \u00eaxito das mudan\u00e7as que est\u00e3o a ser implementadas, que implicaram, entre outras medidas, em auditorias externas \u00e0s contas do Vaticano e na cria\u00e7\u00e3o de uma Secretaria para a Economia na Santa S\u00e9, para al\u00e9m da implementa\u00e7\u00e3o de medidas de transpar\u00eancia financeira no Instituto para as Obras de Religi\u00e3o (IOR, conhecido popularmente como Banco do Vaticano).<br \/>Ao contr\u00e1rio dos exemplos n\u00e3o edificantes l\u00e1 de dentro da C\u00faria Romana, como \u00e9 maravilhoso quando nos deparamos com bons sacerdotes, anunciadores de tempos novos, tais como Dom Alo\u00edsio Cardeal Lorscheider, do\u00e7ura em pessoa, alegria constante, sem esquecer suas posi\u00e7\u00f5es corajosas e determinadas, ao mesmo tempo em que pregava e anunciava o Evangelho com sabedoria, carregando sempre no seu grande cora\u00e7\u00e3o as alegrias, as esperan\u00e7as, as tristezas, as ang\u00fastias e os sofrimentos de sua querida gente (cf. GS, 200); tamb\u00e9m pelo cora\u00e7\u00e3o dadivoso de Dom Sin\u00e9sio Bohn, bispo em\u00e9rito de Santa Cruz do Sul que, por ter um cora\u00e7\u00e3o enorme, chegava a irritar alguns, principalmente os mais agarrados aos bens materiais, acrescentando: \u201cTenho um grupo de pobres, aos quais dou regularmente uma pequena ajuda\u201d. O irm\u00e3o de Dom Luciano Mendes de Almeida, Dr. C\u00e2ndido Mendes, contou que, antes de morrer, o mano pediu: \u201cCuidem dos meus pobres\u201d.<br \/>Com os exemplos supramencionados e, igualmente, a for\u00e7a corajosa e prof\u00e9tica do Santo Padre, ao deixar claro que \u201ca Igreja deve servir aos outros, e n\u00e3o servir-se dos outros\u201d, e tamb\u00e9m\u00a0 ao asseverar:\u00a0 \u201c\u00c9 preciso vigiar atentamente para que os bens eclesi\u00e1sticos sejam administrados com transpar\u00eancia e aten\u00e7\u00e3o aos pobres\u201d (08\/03\/2014), Deus, infinitamente bom, transforme de tal modo todo o nosso ser, para que possamos \u201cacumular tesouros no c\u00e9u, onde a tra\u00e7a e a ferrugem n\u00e3o corroem e onde os ladr\u00f5es n\u00e3o arrombam nem furtam, pois onde estiver o teu tesouro a\u00ed estar\u00e1 tamb\u00e9m o teu cora\u00e7\u00e3o\u201d (Lc 11, 22-21). Que o milagre da f\u00e9 e da esperan\u00e7a de um Deus que, segundo o Papa Francisco, \u201csonha comigo, pensa em mim! Eu estou na mente e cora\u00e7\u00e3o dele, que o Senhor \u00e9 capaz de mudar a minha vida e comigo faz relevantes planos\u201d, na busca sincera do \u201cVenha a n\u00f3s o vosso reino\u201d no seu sentido mais amplo. Assim seja!.<\/p>\n","protected":false},"excerpt":{"rendered":"<p>A Igreja \u00e9 sinal e instrumento do Reino de Deus \u00e0 medida que ela se esfor\u00e7a para viver e praticar o que Jesus de Nazar\u00e9 ensinou, de acordo o Conc\u00edlio Vaticano II, ofertando ao mundo um despojado e vivo testemunho do amor de Deus ao mundo, nas palavras daquele que ardentemente a desejou santa e [&hellip;]<\/p>\n","protected":false},"author":6,"featured_media":0,"comment_status":"open","ping_status":"open","sticky":false,"template":"","format":"standard","meta":{"footnotes":""},"categories":[9],"tags":[],"class_list":["post-12272","post","type-post","status-publish","format-standard","hentry","category-artigos"],"_links":{"self":[{"href":"https:\/\/catolicanet.net\/wp-cnet\/wp-json\/wp\/v2\/posts\/12272","targetHints":{"allow":["GET"]}}],"collection":[{"href":"https:\/\/catolicanet.net\/wp-cnet\/wp-json\/wp\/v2\/posts"}],"about":[{"href":"https:\/\/catolicanet.net\/wp-cnet\/wp-json\/wp\/v2\/types\/post"}],"author":[{"embeddable":true,"href":"https:\/\/catolicanet.net\/wp-cnet\/wp-json\/wp\/v2\/users\/6"}],"replies":[{"embeddable":true,"href":"https:\/\/catolicanet.net\/wp-cnet\/wp-json\/wp\/v2\/comments?post=12272"}],"version-history":[{"count":1,"href":"https:\/\/catolicanet.net\/wp-cnet\/wp-json\/wp\/v2\/posts\/12272\/revisions"}],"predecessor-version":[{"id":21865,"href":"https:\/\/catolicanet.net\/wp-cnet\/wp-json\/wp\/v2\/posts\/12272\/revisions\/21865"}],"wp:attachment":[{"href":"https:\/\/catolicanet.net\/wp-cnet\/wp-json\/wp\/v2\/media?parent=12272"}],"wp:term":[{"taxonomy":"category","embeddable":true,"href":"https:\/\/catolicanet.net\/wp-cnet\/wp-json\/wp\/v2\/categories?post=12272"},{"taxonomy":"post_tag","embeddable":true,"href":"https:\/\/catolicanet.net\/wp-cnet\/wp-json\/wp\/v2\/tags?post=12272"}],"curies":[{"name":"wp","href":"https:\/\/api.w.org\/{rel}","templated":true}]}}