{"id":12266,"date":"2015-11-09T17:25:51","date_gmt":"2015-11-09T19:25:51","guid":{"rendered":"http:\/\/catolicanet.net\/wp-cnet\/2015\/11\/09\/a-dificil-realidade-da-morte-na-familia\/"},"modified":"2017-05-31T13:27:38","modified_gmt":"2017-05-31T16:27:38","slug":"a-dificil-realidade-da-morte-na-familia","status":"publish","type":"post","link":"https:\/\/catolicanet.net\/wp-cnet\/a-dificil-realidade-da-morte-na-familia\/","title":{"rendered":"A dif\u00edcil realidade da morte na fam\u00edlia"},"content":{"rendered":"<p style=\"text-align: justify;\"><img decoding=\"async\" src=\"http:\/\/catolicanet.com.br\/images\/stories\/00 webs.jpg\" border=\"0\" align=\"left\" \/>O crist\u00e3o n\u00e3o vive para morrer, mas para viver mais<\/p>\n<p>Meu pai, em seu leito, ouviu o m\u00e9dico dizer-lhe que a grave, penosa e incur\u00e1vel doen\u00e7a de que padecia acabaria com sua vida terrena em pouco tempo \u2013 uma vida que ele amava intensamente.<\/p>\n<p>Depois de se despedir amavelmente do m\u00e9dico, ele se virou para a luz da janela, profundamente pensativo; passados alguns minutos, seu rosto ficou sereno e seu semblante transmitia paz.<\/p>\n<p>\u2013 Sabe o que o m\u00e9dico me disse? Ele afirmou que eu vou para casa. Isso n\u00e3o \u00e9 lindo?<\/p>\n<p>\u2013 Para voc\u00ea, sim, pai, mas n\u00e3o para n\u00f3s \u2013 respondi.<\/p>\n<p>\u2013 Sabe\u2026 a luz da janela me fez sentir nostalgia, uma esp\u00e9cie de saudade. Vou para a casa do Pai. Sim, sou como uma crian\u00e7a que volta para casa, e que est\u00e1 esperando que venham busc\u00e1-la.<\/p>\n<p>Ele me disse isso com um sorriso cheio de esperan\u00e7a. Minha dor humana cedeu e deixei de sentir pena dele.<\/p>\n<p>Meu pai morreu com muita paz. E deixou bem claro que queria um vel\u00f3rio completo, sepultura crist\u00e3 do corpo inteiro (n\u00e3o crema\u00e7\u00e3o), missa de corpo presente.<\/p>\n<p>Ele nunca concordou com certas pr\u00e1ticas atuais, segundo as quais o corpo vai do hospital para o cremat\u00f3rio diretamente, como se nada tivesse acontecido, como se as crian\u00e7as tivessem de ser poupadas desta viv\u00eancia, como se a morte tamb\u00e9m n\u00e3o fizesse parte dos planos de Deus.<\/p>\n<p>Meu pai aceitou sua morte e quis mostr\u00e1-la como o que ela \u00e9: um paradoxo divino que nos d\u00e1 a maior li\u00e7\u00e3o de vida, ao mostrar o amor de Deus. \u00c9 assim porque a alma n\u00e3o morre; a pessoa deixa a visibilidade do corpo, mas sua vida espiritual continua maior e melhor.<\/p>\n<p>O crist\u00e3o n\u00e3o vive para morrer, mas para viver mais.<\/p>\n<p>Nossa sociedade tende a afastar de si a realidade do fim da vida; tal pensamento lhe produz ang\u00fastia, e ela acaba excluindo esta realidade do campo da exist\u00eancia humana, fazendo parecer que s\u00f3 \u201cos outros\u201d morrem.<\/p>\n<p>Em nossa cultura, o homem est\u00e1 mais preocupado com sua natureza corporal que com seu ser espiritual ou pessoal.<\/p>\n<p>No entanto, quem se reconhece mais pessoa que natureza, vai al\u00e9m disso, vive para ser elevado, aceitando em sua vida um Deus pessoal que d\u00e1 sentido \u00e0 sua exist\u00eancia.<\/p>\n<p>Mesmo na fase terminal da sua doen\u00e7a, meu pai nunca perdeu aquela atitude de pensar nos outros e, quando o visitavam em seu leito, ele perguntava com interesse sincero sobre a vida das pessoas, dando algum discreto conselho, consolo, esfor\u00e7ando-se em ser ameno sempre com seu bom humor.<\/p>\n<p>Os visitantes chegavam com vontade de consolar e sa\u00edam consolados.<\/p>\n<p>No final, ele avisava: \u201cVou estar de olho em voc\u00ea, hein?\u201d, e piscava para mim. Eu sabia muito bem a que ele se referia.<\/p>\n<p style=\"text-align: justify;\">Fonte: Aleteia<\/p>\n","protected":false},"excerpt":{"rendered":"<p>O crist\u00e3o n\u00e3o vive para morrer, mas para viver mais Meu pai, em seu leito, ouviu o m\u00e9dico dizer-lhe que a grave, penosa e incur\u00e1vel doen\u00e7a de que padecia acabaria com sua vida terrena em pouco tempo \u2013 uma vida que ele amava intensamente. Depois de se despedir amavelmente do m\u00e9dico, ele se virou para [&hellip;]<\/p>\n","protected":false},"author":1,"featured_media":0,"comment_status":"open","ping_status":"open","sticky":false,"template":"","format":"standard","meta":{"footnotes":""},"categories":[4],"tags":[],"class_list":["post-12266","post","type-post","status-publish","format-standard","hentry","category-cotidiano"],"_links":{"self":[{"href":"https:\/\/catolicanet.net\/wp-cnet\/wp-json\/wp\/v2\/posts\/12266","targetHints":{"allow":["GET"]}}],"collection":[{"href":"https:\/\/catolicanet.net\/wp-cnet\/wp-json\/wp\/v2\/posts"}],"about":[{"href":"https:\/\/catolicanet.net\/wp-cnet\/wp-json\/wp\/v2\/types\/post"}],"author":[{"embeddable":true,"href":"https:\/\/catolicanet.net\/wp-cnet\/wp-json\/wp\/v2\/users\/1"}],"replies":[{"embeddable":true,"href":"https:\/\/catolicanet.net\/wp-cnet\/wp-json\/wp\/v2\/comments?post=12266"}],"version-history":[{"count":1,"href":"https:\/\/catolicanet.net\/wp-cnet\/wp-json\/wp\/v2\/posts\/12266\/revisions"}],"predecessor-version":[{"id":26649,"href":"https:\/\/catolicanet.net\/wp-cnet\/wp-json\/wp\/v2\/posts\/12266\/revisions\/26649"}],"wp:attachment":[{"href":"https:\/\/catolicanet.net\/wp-cnet\/wp-json\/wp\/v2\/media?parent=12266"}],"wp:term":[{"taxonomy":"category","embeddable":true,"href":"https:\/\/catolicanet.net\/wp-cnet\/wp-json\/wp\/v2\/categories?post=12266"},{"taxonomy":"post_tag","embeddable":true,"href":"https:\/\/catolicanet.net\/wp-cnet\/wp-json\/wp\/v2\/tags?post=12266"}],"curies":[{"name":"wp","href":"https:\/\/api.w.org\/{rel}","templated":true}]}}