{"id":12256,"date":"2015-11-09T12:54:56","date_gmt":"2015-11-09T14:54:56","guid":{"rendered":"http:\/\/catolicanet.net\/wp-cnet\/2015\/11\/09\/papa-as-reformas-vao-continuar-com-a-ajuda-de-toda-a-igreja\/"},"modified":"2017-06-02T13:18:05","modified_gmt":"2017-06-02T16:18:05","slug":"papa-as-reformas-vao-continuar-com-a-ajuda-de-toda-a-igreja","status":"publish","type":"post","link":"https:\/\/catolicanet.net\/wp-cnet\/papa-as-reformas-vao-continuar-com-a-ajuda-de-toda-a-igreja\/","title":{"rendered":"Papa: as reformas v\u00e3o continuar com a ajuda de toda a Igreja"},"content":{"rendered":"<p style=\"text-align: justify;\"><img decoding=\"async\" src=\"http:\/\/catolicanet.com.br\/images\/stories\/ap3163548_articolo.jpg\" border=\"0\" align=\"left\" \/>As reformas no Vaticano v\u00e3o continuar. Foi o que disse o Papa Francisco falando aos fi\u00e9is reunidos na Pra\u00e7a S\u00e3o Pedro para a Ora\u00e7\u00e3o mariana do Angelus, fazendo refer\u00eancia \u00e0s not\u00edcias dos dias passados que turbaram muitos dos fi\u00e9is a prop\u00f3sito de documentos reservados da Santa S\u00e9 que foram subtra\u00eddos e publicados.<\/p>\n<p> \u201cPor isso, gostaria de lhes dizer, antes de tudo, que roubar esses documentos \u00e9 um crime. \u00c9 um ato deplor\u00e1vel que n\u00e3o ajuda. Eu mesmo tinha pedido para fazer esse estudo, e esses documentos eu e os meus colaboradores j\u00e1 os conhec\u00edamos bem, e foram tomadas as medidas que come\u00e7aram a dar frutos, at\u00e9 mesmo alguns vis\u00edveis\u201d.<\/p>\n<p>\u201cPor isso, quero lhes assegurar que este triste fato n\u00e3o me distrai certamente do trabalho de reforma que estamos realizando com os meus colaboradores e com o apoio de todos voc\u00eas. Sim, com o apoio de toda a Igreja, porque a Igreja se renova atrav\u00e9s da ora\u00e7\u00e3o e da santidade de todo batizado\u201d.<\/p>\n<p>\u201cPortanto, agrade\u00e7o a voc\u00eas e pe\u00e7o que continuem a rezar pelo Papa e pela Igreja, sem se deixarem turbar, mas indo para a frente com confian\u00e7a e esperan\u00e7a\u201d.<\/p>\n<p style=\"text-align: justify;\">Fonte: R\u00e1dio Vaticano<\/p>\n","protected":false},"excerpt":{"rendered":"<p>As reformas no Vaticano v\u00e3o continuar. Foi o que disse o Papa Francisco falando aos fi\u00e9is reunidos na Pra\u00e7a S\u00e3o Pedro para a Ora\u00e7\u00e3o mariana do Angelus, fazendo refer\u00eancia \u00e0s not\u00edcias dos dias passados que turbaram muitos dos fi\u00e9is a prop\u00f3sito de documentos reservados da Santa S\u00e9 que foram subtra\u00eddos e publicados. \u201cPor isso, gostaria [&hellip;]<\/p>\n","protected":false},"author":1,"featured_media":0,"comment_status":"open","ping_status":"open","sticky":false,"template":"","format":"standard","meta":{"footnotes":""},"categories":[3],"tags":[],"class_list":["post-12256","post","type-post","status-publish","format-standard","hentry","category-vaticano"],"_links":{"self":[{"href":"https:\/\/catolicanet.net\/wp-cnet\/wp-json\/wp\/v2\/posts\/12256","targetHints":{"allow":["GET"]}}],"collection":[{"href":"https:\/\/catolicanet.net\/wp-cnet\/wp-json\/wp\/v2\/posts"}],"about":[{"href":"https:\/\/catolicanet.net\/wp-cnet\/wp-json\/wp\/v2\/types\/post"}],"author":[{"embeddable":true,"href":"https:\/\/catolicanet.net\/wp-cnet\/wp-json\/wp\/v2\/users\/1"}],"replies":[{"embeddable":true,"href":"https:\/\/catolicanet.net\/wp-cnet\/wp-json\/wp\/v2\/comments?post=12256"}],"version-history":[{"count":1,"href":"https:\/\/catolicanet.net\/wp-cnet\/wp-json\/wp\/v2\/posts\/12256\/revisions"}],"predecessor-version":[{"id":28451,"href":"https:\/\/catolicanet.net\/wp-cnet\/wp-json\/wp\/v2\/posts\/12256\/revisions\/28451"}],"wp:attachment":[{"href":"https:\/\/catolicanet.net\/wp-cnet\/wp-json\/wp\/v2\/media?parent=12256"}],"wp:term":[{"taxonomy":"category","embeddable":true,"href":"https:\/\/catolicanet.net\/wp-cnet\/wp-json\/wp\/v2\/categories?post=12256"},{"taxonomy":"post_tag","embeddable":true,"href":"https:\/\/catolicanet.net\/wp-cnet\/wp-json\/wp\/v2\/tags?post=12256"}],"curies":[{"name":"wp","href":"https:\/\/api.w.org\/{rel}","templated":true}]}}