{"id":12246,"date":"2015-11-06T18:53:26","date_gmt":"2015-11-06T20:53:26","guid":{"rendered":"http:\/\/catolicanet.net\/wp-cnet\/2015\/11\/06\/dispensario-santa-marta-qum-oasis-de-caridadeq-no-coracao-do-vaticano-agora-tambem-na-web\/"},"modified":"2017-05-31T14:55:27","modified_gmt":"2017-05-31T17:55:27","slug":"dispensario-santa-marta-qum-oasis-de-caridadeq-no-coracao-do-vaticano-agora-tambem-na-web","status":"publish","type":"post","link":"https:\/\/catolicanet.net\/wp-cnet\/dispensario-santa-marta-qum-oasis-de-caridadeq-no-coracao-do-vaticano-agora-tambem-na-web\/","title":{"rendered":"Dispens\u00e1rio Santa Marta: &#8220;um o\u00e1sis de caridade&#8221; no cora\u00e7\u00e3o do Vaticano. Agora tamb\u00e9m na web"},"content":{"rendered":"<p style=\"text-align: justify;\">Apresentado o novo site do centro gerido pelas vicentinas que, h\u00e1 90 anos, auxiliam 500 crian\u00e7as e as suas fam\u00edlias, sem distin\u00e7\u00e3o de ra\u00e7a ou religi\u00e3o<\/p>\n<p>H\u00e1 90 anos o Dispens\u00e1rio Santa Marta oferece assist\u00eancia, espiritual e m\u00e9dica, para crian\u00e7as e beb\u00eas de fam\u00edlias em dificuldade, revelando aquela ternura que \u2013 como destaca sempre Francisco \u2013 a Igreja tem com os pequenos, as crian\u00e7as, os necessitados. A partir da quarta-feira, 4, o servi\u00e7o de caridade que a estrutura oferece h\u00e1 aproximadamente um s\u00e9culo, para 500 crian\u00e7as e as suas fam\u00edlias, sem distin\u00e7\u00e3o de ra\u00e7a ou religi\u00e3o, desembarca na internet com o site www.dispensariosantamarta.va.<\/p>\n<p>O portal &#8211; que at\u00e9 o final deste ano tamb\u00e9m estar\u00e1 dispon\u00edvel em Espanhol, Ingl\u00eas e Franc\u00eas &#8211; foi apresentado ontem \u00e0 imprensa na sede da Via della Stazione Vaticana, a poucos passos da entrada do Perugino e da Casa Santa Marta, onde o Papa escolheu residir.<\/p>\n<p>Uma iniciativa que quer, acima de tudo, alargar o alcance do Dispens\u00e1rio, tornando-o conhecido ao grande p\u00fablico atrav\u00e9s da vasta difus\u00e3o da web, talvez alcan\u00e7ando aquelas m\u00e3es sozinhas ou aquelas fam\u00edlias imigradas que est\u00e3o privadas da Carteira do Servi\u00e7o Sanit\u00e1rio Nacional e n\u00e3o sabem onde encontrar cuidados e acolhida.<\/p>\n<p>O site \u2013 realizado gra\u00e7as ao Departamento do Vaticano \u2013 se apresenta, portanto, como um grande di\u00e1rio que narra a hist\u00f3ria desta estrutura querida por Pio XI e ilustra a atividade que realiza diariamente as Filhas da Caridade de S\u00e3o Vicente de Paulo, em colabora\u00e7\u00e3o com uns cinquenta volunt\u00e1rios leigos e m\u00e9dicos especialistas que colocam \u00e0 disposi\u00e7\u00e3o o pr\u00f3prio tempo e a pr\u00f3pria profissionalismo.<\/p>\n<p>&#8220;Um o\u00e1sis de amor \u00e0 sombra da c\u00fapula da Bas\u00edlica de S\u00e3o Pedro&#8221; disse mons. Lucio Adrian Ruiz, chefe de departamento do servi\u00e7o Internet Vaticano e secret\u00e1rio para a Secretaria de Comunica\u00e7\u00e3o. Agora pode aproveitar das potencialidades da internet que \u201ccomo disse o Papa Francisco \u00e9 um dom de Deus e n\u00e3o \u00e9 uma simples rede de fios, mas de pessoas\u201d.<\/p>\n<p>O objetivo, explicou Ruiz, \u00e9, portanto, de &#8220;criar uma rede de pessoas que est\u00e1 crescendo dia a dia, a fim de pode ajudar o pr\u00f3ximo\u201d. Do site \u00e9 poss\u00edvel retirar, de fato, todas as informa\u00e7\u00f5es sobre os servi\u00e7os oferecidos pelo Dispens\u00e1rio \u2013 como explicou a volunt\u00e1ria e coordenadora web, Valentina Giacometti &#8211; incluindo um mapa para descobrir como chegar na estrutura ou o n\u00famero para pedir ajuda. Um espa\u00e7o \u00e9 dedicado tamb\u00e9m \u00e0 partilha de experi\u00eancias dentro do Dispens\u00e1rio, onde j\u00e1 agora \u00e9 poss\u00edvel encontrar hist\u00f3rias comoventes de dificuldades e abandono, curadas pelo amor, cuidado e assist\u00eancia.<\/p>\n<p style=\"text-align: justify;\">Fonte: Zenit<\/p>\n","protected":false},"excerpt":{"rendered":"<p>Apresentado o novo site do centro gerido pelas vicentinas que, h\u00e1 90 anos, auxiliam 500 crian\u00e7as e as suas fam\u00edlias, sem distin\u00e7\u00e3o de ra\u00e7a ou religi\u00e3o H\u00e1 90 anos o Dispens\u00e1rio Santa Marta oferece assist\u00eancia, espiritual e m\u00e9dica, para crian\u00e7as e beb\u00eas de fam\u00edlias em dificuldade, revelando aquela ternura que \u2013 como destaca sempre Francisco [&hellip;]<\/p>\n","protected":false},"author":1,"featured_media":0,"comment_status":"open","ping_status":"open","sticky":false,"template":"","format":"standard","meta":{"footnotes":""},"categories":[4],"tags":[],"class_list":["post-12246","post","type-post","status-publish","format-standard","hentry","category-cotidiano"],"_links":{"self":[{"href":"https:\/\/catolicanet.net\/wp-cnet\/wp-json\/wp\/v2\/posts\/12246","targetHints":{"allow":["GET"]}}],"collection":[{"href":"https:\/\/catolicanet.net\/wp-cnet\/wp-json\/wp\/v2\/posts"}],"about":[{"href":"https:\/\/catolicanet.net\/wp-cnet\/wp-json\/wp\/v2\/types\/post"}],"author":[{"embeddable":true,"href":"https:\/\/catolicanet.net\/wp-cnet\/wp-json\/wp\/v2\/users\/1"}],"replies":[{"embeddable":true,"href":"https:\/\/catolicanet.net\/wp-cnet\/wp-json\/wp\/v2\/comments?post=12246"}],"version-history":[{"count":1,"href":"https:\/\/catolicanet.net\/wp-cnet\/wp-json\/wp\/v2\/posts\/12246\/revisions"}],"predecessor-version":[{"id":26839,"href":"https:\/\/catolicanet.net\/wp-cnet\/wp-json\/wp\/v2\/posts\/12246\/revisions\/26839"}],"wp:attachment":[{"href":"https:\/\/catolicanet.net\/wp-cnet\/wp-json\/wp\/v2\/media?parent=12246"}],"wp:term":[{"taxonomy":"category","embeddable":true,"href":"https:\/\/catolicanet.net\/wp-cnet\/wp-json\/wp\/v2\/categories?post=12246"},{"taxonomy":"post_tag","embeddable":true,"href":"https:\/\/catolicanet.net\/wp-cnet\/wp-json\/wp\/v2\/tags?post=12246"}],"curies":[{"name":"wp","href":"https:\/\/api.w.org\/{rel}","templated":true}]}}