{"id":12230,"date":"2015-11-08T03:00:00","date_gmt":"2015-11-08T05:00:00","guid":{"rendered":"http:\/\/catolicanet.net\/wp-cnet\/2015\/11\/08\/bom-senso-e-responsabilidade\/"},"modified":"2017-05-09T13:15:51","modified_gmt":"2017-05-09T16:15:51","slug":"bom-senso-e-responsabilidade","status":"publish","type":"post","link":"https:\/\/catolicanet.net\/wp-cnet\/bom-senso-e-responsabilidade\/","title":{"rendered":"Bom senso e responsabilidade"},"content":{"rendered":"<p style=\"text-align: justify;\">Como na sala de aula, de vez em quando \u00e9 preciso alertar que o recreio j\u00e1 terminou, e n\u00e3o se permite mais a desordem! Assim \u00e9 preciso alertar as esferas governamentais,\u00a0 que o Brasil j\u00e1 n\u00e3o ag\u00fcenta mais esta confus\u00e3o que est\u00e1 acontecendo. <br \/> J\u00e1 fazia tempo que a CNBB n\u00e3o se manifestava sobre a situa\u00e7\u00e3o nacional. Agora ela voltou a falar. E\u00b4 sinal de que a situa\u00e7\u00e3o \u00e9 grave. E\u00b4 hora de reagir, para que, em tempo, seja revertida a situa\u00e7\u00e3o de crise econ\u00f4mica, que decorre, sim, de fatores objetivos, mas que, infelizmente, vem sendo alimentada por interesses pol\u00edticos, que agravam o problema. <br \/> A primeira advert\u00eancia da CNBB se refere a esta mescla de dificuldades objetivas, que s\u00e3o alimentadas por entraves pol\u00edticos, que n\u00e3o hesitam em inviabilizar a governabilidade, tirando proveito pr\u00f3prio das dificuldades, em vez de ajudar a solucion\u00e1-las.<br \/> Isto faz parecer que \u201ctodas as atividades do pa\u00eds est\u00e3o paralisadas e sem rumo\u201d, o que n\u00e3o \u00e9 verdade, como explica a CNBB.\u00a0 Citando o Papa Francisco, alerta que n\u00e3o devemos nos deixar envolver pela\u00a0 \u201csensa\u00e7\u00e3o de derrota que nos transforma em pessimistas lamurientos e desencantados com cara de vinagre\u201d.<br \/> Em meio a esta situa\u00e7\u00e3o, a preocupa\u00e7\u00e3o objetiva da CNBB \u00e9 que fique garantida a governabilidade, \u201cque implica o funcionamento adequado dos tr\u00eas poderes, distintos, mas harm\u00f4nicos; recuperar o crescimento sustent\u00e1vel; diminuir as desigualdades; exigir profundas transforma\u00e7\u00f5es na sa\u00fade e na educa\u00e7\u00e3o; ampliar a infraestrutura, cuidar das popula\u00e7\u00f5es mais vulner\u00e1veis, que s\u00e3o as primeiras a sofrer com os desmandos e intransig\u00eancias dos que deveriam dar o exemplo\u201d. <br \/> Outro ponto abordado se refere \u00e0 continuidade das pol\u00edticas sociais, que alguns t\u00eam a tenta\u00e7\u00e3o de abandonar, como se isto fosse caminho de solu\u00e7\u00e3o da crise. <br \/> Quanto a isto, a nota da CNBB \u00e9 bem clara: \u201c\u00c9 preciso garantir o aprofundamento das conquistas sociais com vistas \u00e0 constru\u00e7\u00e3o de uma sociedade justa e igualit\u00e1ria. Cabe \u00e0 sociedade civil exigir que os governantes do executivo, legislativo e judici\u00e1rio recusem terminantemente mecanismos pol\u00edticos que, disfar\u00e7ados de solu\u00e7\u00e3o, aprofundam a exclus\u00e3o social e alimentam a viol\u00eancia\u201d.<br \/> Entre as solu\u00e7\u00f5es equivocadas, s\u00e3o citadas \u201cas tentativas de redu\u00e7\u00e3o da maioridade penal, a flexibiliza\u00e7\u00e3o ou revoga\u00e7\u00e3o do Estatuto do Desarmamento e a transfer\u00eancia da demarca\u00e7\u00e3o de terras ind\u00edgenas para o Congresso Nacional.\u201d<br \/> Continua a nota, afirmando que\u00a0 \u201cno genu\u00edno enfrentamento das atuais dificuldades pelas quais passa o pa\u00eds, n\u00e3o se pode abrir espa\u00e7o para medidas que, de maneira oportunista, se apresentam como solu\u00e7\u00f5es f\u00e1ceis para quest\u00f5es sabidamente graves e que exigem reflex\u00e3o e discuss\u00e3o mais profundas com a sociedade\u201d<br \/> Enfatiza que \u201ca supera\u00e7\u00e3o da crise passa pela recusa sistem\u00e1tica de toda e qualquer corrup\u00e7\u00e3o, pelo incremento do desenvolvimento sustent\u00e1vel e pelo di\u00e1logo que resulte num compromisso comum entre os respons\u00e1veis pela administra\u00e7\u00e3o dos poderes do Estado e a sociedade\u201d.\u00a0 O Congresso Nacional e os partidos pol\u00edticos t\u00eam o dever \u00e9tico e moral de favorecer a busca de caminhos que recoloquem o pa\u00eds na normalidade.\u201d<br \/> \u201c \u00c9 inadmiss\u00edvel alimentar a crise econ\u00f4mica com uma crise pol\u00edtica irrespons\u00e1vel e inconsequente,\u201d diz a nota da CNBB. <br \/> No final, invoca\u00a0 a prote\u00e7\u00e3o de Deus para esta hora importante que o pa\u00eds est\u00e1 vivendo.<br \/> Chega de bagun\u00e7a. Terminou o recreio. Cada um fa\u00e7a sua li\u00e7\u00e3o de casa, com responsabilidade e compet\u00eancia!<\/p>\n","protected":false},"excerpt":{"rendered":"<p>Como na sala de aula, de vez em quando \u00e9 preciso alertar que o recreio j\u00e1 terminou, e n\u00e3o se permite mais a desordem! Assim \u00e9 preciso alertar as esferas governamentais,\u00a0 que o Brasil j\u00e1 n\u00e3o ag\u00fcenta mais esta confus\u00e3o que est\u00e1 acontecendo. J\u00e1 fazia tempo que a CNBB n\u00e3o se manifestava sobre a situa\u00e7\u00e3o [&hellip;]<\/p>\n","protected":false},"author":9,"featured_media":0,"comment_status":"open","ping_status":"open","sticky":false,"template":"","format":"standard","meta":{"footnotes":""},"categories":[9],"tags":[],"class_list":["post-12230","post","type-post","status-publish","format-standard","hentry","category-artigos"],"_links":{"self":[{"href":"https:\/\/catolicanet.net\/wp-cnet\/wp-json\/wp\/v2\/posts\/12230","targetHints":{"allow":["GET"]}}],"collection":[{"href":"https:\/\/catolicanet.net\/wp-cnet\/wp-json\/wp\/v2\/posts"}],"about":[{"href":"https:\/\/catolicanet.net\/wp-cnet\/wp-json\/wp\/v2\/types\/post"}],"author":[{"embeddable":true,"href":"https:\/\/catolicanet.net\/wp-cnet\/wp-json\/wp\/v2\/users\/9"}],"replies":[{"embeddable":true,"href":"https:\/\/catolicanet.net\/wp-cnet\/wp-json\/wp\/v2\/comments?post=12230"}],"version-history":[{"count":1,"href":"https:\/\/catolicanet.net\/wp-cnet\/wp-json\/wp\/v2\/posts\/12230\/revisions"}],"predecessor-version":[{"id":21869,"href":"https:\/\/catolicanet.net\/wp-cnet\/wp-json\/wp\/v2\/posts\/12230\/revisions\/21869"}],"wp:attachment":[{"href":"https:\/\/catolicanet.net\/wp-cnet\/wp-json\/wp\/v2\/media?parent=12230"}],"wp:term":[{"taxonomy":"category","embeddable":true,"href":"https:\/\/catolicanet.net\/wp-cnet\/wp-json\/wp\/v2\/categories?post=12230"},{"taxonomy":"post_tag","embeddable":true,"href":"https:\/\/catolicanet.net\/wp-cnet\/wp-json\/wp\/v2\/tags?post=12230"}],"curies":[{"name":"wp","href":"https:\/\/api.w.org\/{rel}","templated":true}]}}