{"id":12226,"date":"2015-11-05T17:38:34","date_gmt":"2015-11-05T19:38:34","guid":{"rendered":"http:\/\/catolicanet.net\/wp-cnet\/2015\/11\/05\/a-qtristezaq-do-papa-pela-discriminacao-e-perseguicao-aos-cristaos-no-mundo\/"},"modified":"2017-05-31T13:25:56","modified_gmt":"2017-05-31T16:25:56","slug":"a-qtristezaq-do-papa-pela-discriminacao-e-perseguicao-aos-cristaos-no-mundo","status":"publish","type":"post","link":"https:\/\/catolicanet.net\/wp-cnet\/a-qtristezaq-do-papa-pela-discriminacao-e-perseguicao-aos-cristaos-no-mundo\/","title":{"rendered":"A &#8220;tristeza&#8221; do Papa pela discrimina\u00e7\u00e3o e persegui\u00e7\u00e3o aos crist\u00e3os no mundo"},"content":{"rendered":"<p style=\"text-align: justify;\">Em mensagem ao Global Christian Forum, Francisco exorta a &#8220;dar voz \u00e0s v\u00edtimas da injusti\u00e7a e da viol\u00eancia&#8221; para resolver esta &#8220;situa\u00e7\u00e3o dram\u00e1tica&#8221;<\/p>\n<p>Conclu\u00eddo em Tirana o Global Christian Forum cujo tema foi &#8220;Discrimina\u00e7\u00e3o, persegui\u00e7\u00e3o, mart\u00edrio: seguir a Cristo juntos&#8221;. Cat\u00f3licos, ortodoxos e protestantes &#8211; informa a R\u00e1dio Vaticano &#8211; se reuniram na capital da Alb\u00e2nia, de 02 a 04 de novembro, para ouvir o testemunho de muitos crist\u00e3os que hoje vivem em condi\u00e7\u00f5es de falta de liberdade, perseguidos e for\u00e7ados a fugir ou a n\u00e3o declarar abertamente a pr\u00f3pria f\u00e9.<\/p>\n<p>Em mensagem ao F\u00f3rum, lida pelo cardeal Kurt Koch, presidente do Pontif\u00edcio Conselho para a Unidade dos Crist\u00e3os, o Papa Francisco expressou &#8220;grande tristeza&#8221; pela &#8220;crescente discrimina\u00e7\u00e3o e persegui\u00e7\u00e3o aos crist\u00e3os no Oriente M\u00e9dio, \u00c1frica, \u00c1sia e em outros lugares do mundo&#8221;. &#8220;Este encontro demonstra que, como crist\u00e3os, n\u00e3o somos indiferentes ao sofrimento dos nossos irm\u00e3os e irm\u00e3s\u201d, afirma o Pont\u00edfice. \u201cEm v\u00e1rias partes do mundo \u2013 prosseguiu \u2013 o testemunho de Cristo, chega at\u00e9 ao derramamento de sangue&#8221;. Isto tornou-se uma experi\u00eancia &#8220;comum aos cat\u00f3licos, ortodoxos, anglicanos, protestante, evang\u00e9licos e pentecostais, que &#8220;\u00e9 muito mais profunda e mais forte do que as diferen\u00e7as que ainda dividem as nossas Igrejas e comunidades eclesiais&#8221;.<\/p>\n<p>&#8220;A Communio martyrum \u00e9 um sinal mais evidente do nosso caminho comum&#8221;, disse o Papa, sublinhando a necessidade de dar &#8220;voz \u00e0s v\u00edtimas de tal injusti\u00e7a e viol\u00eancia&#8221; para resolver &#8220;esta tr\u00e1gica situa\u00e7\u00e3o&#8221;. &#8220;Que os m\u00e1rtires de hoje, pertencentes a diversas tradi\u00e7\u00f5es crist\u00e3s nos ajude a entender que todos os batizados s\u00e3o membros do mesmo Corpo de Cristo, a sua Igreja. Que possamos considerar essa verdade profunda como um convite a perseverar no nosso caminho ecum\u00eanico rumo a comunh\u00e3o plena e vis\u00edvel, crescendo cada vez mais no amor e na compreens\u00e3o m\u00fatua&#8221;.<\/p>\n<p style=\"text-align: justify;\">Fonte: Zenit<\/p>\n","protected":false},"excerpt":{"rendered":"<p>Em mensagem ao Global Christian Forum, Francisco exorta a &#8220;dar voz \u00e0s v\u00edtimas da injusti\u00e7a e da viol\u00eancia&#8221; para resolver esta &#8220;situa\u00e7\u00e3o dram\u00e1tica&#8221; Conclu\u00eddo em Tirana o Global Christian Forum cujo tema foi &#8220;Discrimina\u00e7\u00e3o, persegui\u00e7\u00e3o, mart\u00edrio: seguir a Cristo juntos&#8221;. Cat\u00f3licos, ortodoxos e protestantes &#8211; informa a R\u00e1dio Vaticano &#8211; se reuniram na capital da [&hellip;]<\/p>\n","protected":false},"author":1,"featured_media":0,"comment_status":"open","ping_status":"open","sticky":false,"template":"","format":"standard","meta":{"footnotes":""},"categories":[4],"tags":[],"class_list":["post-12226","post","type-post","status-publish","format-standard","hentry","category-cotidiano"],"_links":{"self":[{"href":"https:\/\/catolicanet.net\/wp-cnet\/wp-json\/wp\/v2\/posts\/12226","targetHints":{"allow":["GET"]}}],"collection":[{"href":"https:\/\/catolicanet.net\/wp-cnet\/wp-json\/wp\/v2\/posts"}],"about":[{"href":"https:\/\/catolicanet.net\/wp-cnet\/wp-json\/wp\/v2\/types\/post"}],"author":[{"embeddable":true,"href":"https:\/\/catolicanet.net\/wp-cnet\/wp-json\/wp\/v2\/users\/1"}],"replies":[{"embeddable":true,"href":"https:\/\/catolicanet.net\/wp-cnet\/wp-json\/wp\/v2\/comments?post=12226"}],"version-history":[{"count":1,"href":"https:\/\/catolicanet.net\/wp-cnet\/wp-json\/wp\/v2\/posts\/12226\/revisions"}],"predecessor-version":[{"id":26642,"href":"https:\/\/catolicanet.net\/wp-cnet\/wp-json\/wp\/v2\/posts\/12226\/revisions\/26642"}],"wp:attachment":[{"href":"https:\/\/catolicanet.net\/wp-cnet\/wp-json\/wp\/v2\/media?parent=12226"}],"wp:term":[{"taxonomy":"category","embeddable":true,"href":"https:\/\/catolicanet.net\/wp-cnet\/wp-json\/wp\/v2\/categories?post=12226"},{"taxonomy":"post_tag","embeddable":true,"href":"https:\/\/catolicanet.net\/wp-cnet\/wp-json\/wp\/v2\/tags?post=12226"}],"curies":[{"name":"wp","href":"https:\/\/api.w.org\/{rel}","templated":true}]}}