{"id":12220,"date":"2015-11-05T15:48:44","date_gmt":"2015-11-05T17:48:44","guid":{"rendered":"http:\/\/catolicanet.net\/wp-cnet\/2015\/11\/05\/papa-a-exclusao-e-a-raiz-de-todas-as-guerras\/"},"modified":"2017-06-02T13:16:20","modified_gmt":"2017-06-02T16:16:20","slug":"papa-a-exclusao-e-a-raiz-de-todas-as-guerras","status":"publish","type":"post","link":"https:\/\/catolicanet.net\/wp-cnet\/papa-a-exclusao-e-a-raiz-de-todas-as-guerras\/","title":{"rendered":"Papa: a exclus\u00e3o \u00e9 a raiz de todas as guerras"},"content":{"rendered":"<p style=\"text-align: justify;\"><img decoding=\"async\" src=\"http:\/\/catolicanet.com.br\/images\/stories\/ossrom86599_articolo.jpg\" border=\"0\" align=\"left\" \/>O Papa Francisco iniciou sua s\u00e9rie de atividades esta quinta-feira (05\/11) celebrando a Missa na Casa Santa Marta.<\/p>\n<p>Em sua homilia, o Pont\u00edfice comentou a Carta aos Romanos, em que S\u00e3o Paulo exorta a n\u00e3o julgar e a n\u00e3o desprezar o irm\u00e3o, porque isto \u2013 afirmou o Papa \u2013 leva a exclui-lo do \u201cnosso grupinho\u201d, a ser \u201cseletivo e isto n\u00e3o \u00e9 crist\u00e3o\u201d. Cristo, de fato, \u201ccom o seu sacrif\u00edcio no Calv\u00e1rio\u201d une e inclui \u201ctodos os homens na salva\u00e7\u00e3o\u201d. No Evangelho, se aproximam de Jesus os publicanos e os pecadores, \u201cisto \u00e9, os exclu\u00eddos, todos os que estavam fora\u201d, e \u201cos fariseus e os escribas murmuravam\u201d:<\/p>\n<p>\u201cA atitude dos escribas e dos fariseus \u00e9 a mesma, excluem: \u2018N\u00f3s somos os perfeitos, n\u00f3s seguimos a lei. Eles s\u00e3o pecadores, s\u00e3o publicanos\u2019. E a atitude de Jesus \u00e9 incluir. Existem dois caminhos na vida: o caminho da exclus\u00e3o das pessoas da nossa comunidade e o caminho da inclus\u00e3o. O primeiro pode ser pequeno, mas \u00e9 a raiz de todas as guerras: todas as calamidades, todas as guerras, come\u00e7am com uma exclus\u00e3o. Exclui-se da comunidade internacional, mas tamb\u00e9m das fam\u00edlias, entre os amigos, quantas brigas&#8230; E o caminho que Jesus nos mostra e nos ensina \u00e9 contr\u00e1rio ao outro: incluir\u201d.<\/p>\n<p>\u201cN\u00e3o \u00e9 f\u00e1cil incluir as pessoas \u2013 observou o Papa \u2013 porque h\u00e1 resist\u00eancia, h\u00e1 aquela atitude seletiva\u201d. Por isso, Jesus conta duas par\u00e1bolas: a da ovelha perdida e a da mulher que perde uma moeda. Seja o pastor, seja a mulher fazem de tudo para encontrar aquilo que perderam. E quanto conseguem, se enchem de alegria:<\/p>\n<p>\u201cEst\u00e3o alegres porque encontraram aquilo que estava perdido e v\u00e3o at\u00e9 os amigos, os vizinhos, porque est\u00e3o muito felizes: \u2018Encontrei, inclu\u00ed\u2019. Isto \u00e9 a inclus\u00e3o de Deus, \u00e9 contra a exclus\u00e3o de quem julga, que expulsa o povo, as pessoas&#8230; \u2018n\u00e3o, este n\u00e3o, aquele n\u00e3o&#8230;\u2019 e constr\u00f3i um pequeno c\u00edrculos de amigos que \u00e9 o seu ambiente. \u00c9 a dial\u00e9tica entre exclus\u00e3o e inclus\u00e3o. Deus incluiu n\u00f3s todos na salva\u00e7\u00e3o, todos! Este \u00e9 o in\u00edcio. N\u00f3s, com nossas fraquezas, com nossos pecados, com nossas invejas e ci\u00fames, temos sempre esta atitude de excluir que \u2013 como disse \u2013 pode terminar em guerra\u201d.<\/p>\n<p>Jesus \u2013 afirma o Papa \u2013 faz como o Pai que o enviou para nos salvar, \u2018procura-nos para nos incluir\u2019, para \u2018ser uma fam\u00edlia\u2019: <\/p>\n<p>\u201cPensemos um pouco e pelo menos&#8230; fa\u00e7amos o m\u00ednimo&#8230; n\u00e3o julguemos mais: \u2018Este faz assim&#8230;\u2019. Mas Deus sabe: \u00e9 a sua vida, mas n\u00e3o o excluo de meu cora\u00e7\u00e3o, de minha ora\u00e7\u00e3o, de minha sauda\u00e7\u00e3o, de meu sorriso&#8230; e quando tiver ocasi\u00e3o, lhe digo uma palavra bonita. N\u00e3o excluir jamais, n\u00e3o temos o direito! Paulo termina a Leitura: \u201cTodos nos apresentaremos ao tribunal de Deus; portanto, cada um de n\u00f3s prestar\u00e1 contas de si mesmo a Deus\u201d. Se eu excluir, quando estiver diante do tribunal de Deus deverei prestar contas de mim mesmo. Pe\u00e7amos a gra\u00e7a de sermos homens e mulheres que incluem sempre&#8230; na medida da s\u00e3 prud\u00eancia, mas sempre. N\u00e3o fechar as portas a ningu\u00e9m, sempre com o cora\u00e7\u00e3o aberto: \u201cGosto, n\u00e3o gosto, mas com o cora\u00e7\u00e3o aberto. Que o Senhor nos d\u00ea esta gra\u00e7a\u201d.<\/p>\n<p style=\"text-align: justify;\">Fonte: R\u00e1dio Vaticano<\/p>\n","protected":false},"excerpt":{"rendered":"<p>O Papa Francisco iniciou sua s\u00e9rie de atividades esta quinta-feira (05\/11) celebrando a Missa na Casa Santa Marta. Em sua homilia, o Pont\u00edfice comentou a Carta aos Romanos, em que S\u00e3o Paulo exorta a n\u00e3o julgar e a n\u00e3o desprezar o irm\u00e3o, porque isto \u2013 afirmou o Papa \u2013 leva a exclui-lo do \u201cnosso grupinho\u201d, [&hellip;]<\/p>\n","protected":false},"author":1,"featured_media":0,"comment_status":"open","ping_status":"open","sticky":false,"template":"","format":"standard","meta":{"footnotes":""},"categories":[3],"tags":[],"class_list":["post-12220","post","type-post","status-publish","format-standard","hentry","category-vaticano"],"_links":{"self":[{"href":"https:\/\/catolicanet.net\/wp-cnet\/wp-json\/wp\/v2\/posts\/12220","targetHints":{"allow":["GET"]}}],"collection":[{"href":"https:\/\/catolicanet.net\/wp-cnet\/wp-json\/wp\/v2\/posts"}],"about":[{"href":"https:\/\/catolicanet.net\/wp-cnet\/wp-json\/wp\/v2\/types\/post"}],"author":[{"embeddable":true,"href":"https:\/\/catolicanet.net\/wp-cnet\/wp-json\/wp\/v2\/users\/1"}],"replies":[{"embeddable":true,"href":"https:\/\/catolicanet.net\/wp-cnet\/wp-json\/wp\/v2\/comments?post=12220"}],"version-history":[{"count":1,"href":"https:\/\/catolicanet.net\/wp-cnet\/wp-json\/wp\/v2\/posts\/12220\/revisions"}],"predecessor-version":[{"id":28441,"href":"https:\/\/catolicanet.net\/wp-cnet\/wp-json\/wp\/v2\/posts\/12220\/revisions\/28441"}],"wp:attachment":[{"href":"https:\/\/catolicanet.net\/wp-cnet\/wp-json\/wp\/v2\/media?parent=12220"}],"wp:term":[{"taxonomy":"category","embeddable":true,"href":"https:\/\/catolicanet.net\/wp-cnet\/wp-json\/wp\/v2\/categories?post=12220"},{"taxonomy":"post_tag","embeddable":true,"href":"https:\/\/catolicanet.net\/wp-cnet\/wp-json\/wp\/v2\/tags?post=12220"}],"curies":[{"name":"wp","href":"https:\/\/api.w.org\/{rel}","templated":true}]}}