{"id":12213,"date":"2015-11-05T13:13:22","date_gmt":"2015-11-05T15:13:22","guid":{"rendered":"http:\/\/catolicanet.net\/wp-cnet\/2015\/11\/05\/vaticano-porta-voz-reage-a-livros-polemicos-sobre-questoes-economicas\/"},"modified":"2017-06-02T16:40:57","modified_gmt":"2017-06-02T19:40:57","slug":"vaticano-porta-voz-reage-a-livros-polemicos-sobre-questoes-economicas","status":"publish","type":"post","link":"https:\/\/catolicanet.net\/wp-cnet\/vaticano-porta-voz-reage-a-livros-polemicos-sobre-questoes-economicas\/","title":{"rendered":"Vaticano: Porta-voz reage a livros pol\u00eamicos sobre quest\u00f5es econ\u00f4micas"},"content":{"rendered":"<p style=\"text-align: justify;\"><img decoding=\"async\" src=\"http:\/\/catolicanet.com.br\/images\/stories\/120344.jpg\" border=\"0\" align=\"left\" \/>Padre Federico Lombardi pede \u00abseriedade\u00bb e recorda compromisso de \u00abtranspar\u00eancia\u00bb quem tem marcado a a\u00e7\u00e3o do Papa Francisco<\/p>\n<p>O porta-voz do Vaticano reagiu hoje em comunicado enviado aos jornalistas \u00e0s not\u00edcias sobre a situa\u00e7\u00e3o econ\u00f3mica da Santa S\u00e9, ap\u00f3s a publica\u00e7\u00e3o dos livros \u2018Via Crucis\u2019, de Gianluigi Nuzzi, e \u2018Avareza\u2019, de Emiliano Fittipaldi, na It\u00e1lia.<\/p>\n<p>\u201cSeria necess\u00e1rio ter a seriedade de aprofundar as situa\u00e7\u00f5es e os problemas espec\u00edficos, para reconhecer o muito que \u00e9 completamente justificado, normal e bem administrado, incluindo o pagamento dos devidos impostos\u201d, refere o padre Federico Lombardi.<\/p>\n<p>O diretor da sala de imprensa da Santa S\u00e9 admite que a publica\u00e7\u00e3o de obras sobre as institui\u00e7\u00f5es e atividades econ\u00f3mico-financeiras do Vaticano gera \u201ccuriosidade e muitos coment\u00e1rios\u201d.<\/p>\n<p>O porta-voz come\u00e7a por esclarecer que a divulga\u00e7\u00e3o de not\u00edcias e documentos confidenciais \u00e9 \u201cilegal\u201d, remetendo a decis\u00e3o sobre o tema para as \u201cautoridades competentes do Vaticano\u201d.<\/p>\n<p>O comunicado refere que a documenta\u00e7\u00e3o agora publicada est\u00e1 relacionada com a \u201cnot\u00e1vel\u201d recolha de dados e informa\u00e7\u00f5es levada a cabo no pontificado de Francisco.<\/p>\n<p>\u201cO caminho da boa administra\u00e7\u00e3o, da corre\u00e7\u00e3o e transpar\u00eancia, continua e avan\u00e7a sem incertezas. Esta \u00e9, evidentemente, a vontade do Papa e n\u00e3o falta no Vaticano quem colabore com ela, em plena lealdade e com todas as suas for\u00e7as\u201d, refere o porta-voz.<\/p>\n<p>Esta segunda-feira, o Vaticano anunciou a deten\u00e7\u00e3o de monsenhor Lucio Angel Vallejo Balda e de Francesca Chaouqui, respectivamente secret\u00e1rio e membro da Comiss\u00e3o relativa ao estudo e orienta\u00e7\u00e3o sobre a organiza\u00e7\u00e3o das estruturas econ\u00f4mico-administrativas da Santa S\u00e9 (COSEA), institu\u00edda pelo Papa em julho de 2013 e posteriormente dissolvida, ap\u00f3s cumprir o seu mandato.<\/p>\n<p>Segundo o padre Lombardi, os dados revelados nos livros que chegaram agora \u00e0s bancas t\u00eam a sua origem na COSEA, informa\u00e7\u00f5es originalmente recolhidas pela Santa S\u00e9 \u201cn\u00e3o contra a vontade do Papa\u201d, mas em colabora\u00e7\u00e3o com este e as institui\u00e7\u00f5es do Vaticano.<\/p>\n<p>A nota responde a v\u00e1rias das cr\u00edticas que t\u00eam vindo a ser feitas nos \u00faltimos dias, em particular no que diz respeito \u00e0 propriedade dos bens da Santa S\u00e9 e o \u00d3bolo de S\u00e3o Pedro, que recolhe donativos dos cat\u00f3licos de todo o mundo para o Papa.<\/p>\n<p>O porta-voz do Vaticano precisa que este dinheiro \u00e9 usado segundo \u201co ju\u00edzo do Papa\u201d, servindo n\u00e3o s\u00f3 para obras de caridade mas para ajudar ao seu servi\u00e7o, que inclui a C\u00faria Romana ou as 180 miss\u00f5es diplom\u00e1ticas da Santa S\u00e9 em todo o mundo.<\/p>\n<p>Para o diretor da sala de imprensa da Santa S\u00e9, a publica\u00e7\u00e3o \u201cavulsa\u201d de uma grande quantidade de informa\u00e7\u00e3o, diferente entre si, gerou a \u201cimpress\u00e3o\u201d de um estado de \u201cpermanente confus\u00e3o, de falta de transpar\u00eancia\u201d.<\/p>\n<p>\u201cAssim n\u00e3o se reconhece a coragem e o esfor\u00e7o com que o Papa e os seus colaboradores enfrentaram e continuam a enfrentar o desafio de melhorar o uso dos bens temporais\u201d, lamenta o padre Federico Lombardi.<\/p>\n<p>Outra dos alvos das cr\u00edticas, a Funda\u00e7\u00e3o \u2018Bambino Ges\u00f9\u2019, ligada ao hospital pedi\u00e1trico da Santa S\u00e9, operou hoje uma mudan\u00e7a de fundo, com a primeira reuni\u00e3o do seu novo Conselho Diretivo, nomeado diretamente pelo secret\u00e1rio de Estado do Vaticano, cardeal Pietro Parolin.<\/p>\n<p style=\"text-align: justify;\">Fonte: Ag\u00eancia Ecclesia<\/p>\n","protected":false},"excerpt":{"rendered":"<p>Padre Federico Lombardi pede \u00abseriedade\u00bb e recorda compromisso de \u00abtranspar\u00eancia\u00bb quem tem marcado a a\u00e7\u00e3o do Papa Francisco O porta-voz do Vaticano reagiu hoje em comunicado enviado aos jornalistas \u00e0s not\u00edcias sobre a situa\u00e7\u00e3o econ\u00f3mica da Santa S\u00e9, ap\u00f3s a publica\u00e7\u00e3o dos livros \u2018Via Crucis\u2019, de Gianluigi Nuzzi, e \u2018Avareza\u2019, de Emiliano Fittipaldi, na It\u00e1lia. [&hellip;]<\/p>\n","protected":false},"author":1,"featured_media":0,"comment_status":"open","ping_status":"open","sticky":false,"template":"","format":"standard","meta":{"footnotes":""},"categories":[3],"tags":[],"class_list":["post-12213","post","type-post","status-publish","format-standard","hentry","category-vaticano"],"_links":{"self":[{"href":"https:\/\/catolicanet.net\/wp-cnet\/wp-json\/wp\/v2\/posts\/12213","targetHints":{"allow":["GET"]}}],"collection":[{"href":"https:\/\/catolicanet.net\/wp-cnet\/wp-json\/wp\/v2\/posts"}],"about":[{"href":"https:\/\/catolicanet.net\/wp-cnet\/wp-json\/wp\/v2\/types\/post"}],"author":[{"embeddable":true,"href":"https:\/\/catolicanet.net\/wp-cnet\/wp-json\/wp\/v2\/users\/1"}],"replies":[{"embeddable":true,"href":"https:\/\/catolicanet.net\/wp-cnet\/wp-json\/wp\/v2\/comments?post=12213"}],"version-history":[{"count":1,"href":"https:\/\/catolicanet.net\/wp-cnet\/wp-json\/wp\/v2\/posts\/12213\/revisions"}],"predecessor-version":[{"id":28737,"href":"https:\/\/catolicanet.net\/wp-cnet\/wp-json\/wp\/v2\/posts\/12213\/revisions\/28737"}],"wp:attachment":[{"href":"https:\/\/catolicanet.net\/wp-cnet\/wp-json\/wp\/v2\/media?parent=12213"}],"wp:term":[{"taxonomy":"category","embeddable":true,"href":"https:\/\/catolicanet.net\/wp-cnet\/wp-json\/wp\/v2\/categories?post=12213"},{"taxonomy":"post_tag","embeddable":true,"href":"https:\/\/catolicanet.net\/wp-cnet\/wp-json\/wp\/v2\/tags?post=12213"}],"curies":[{"name":"wp","href":"https:\/\/api.w.org\/{rel}","templated":true}]}}