{"id":12210,"date":"2015-11-05T12:49:34","date_gmt":"2015-11-05T14:49:34","guid":{"rendered":"http:\/\/catolicanet.net\/wp-cnet\/2015\/11\/05\/sudao-do-sul-apelo-dos-lideres-religiosos-sobre-o-destino-de-80-mil-deslocados-na-floresta\/"},"modified":"2017-06-02T16:41:19","modified_gmt":"2017-06-02T19:41:19","slug":"sudao-do-sul-apelo-dos-lideres-religiosos-sobre-o-destino-de-80-mil-deslocados-na-floresta","status":"publish","type":"post","link":"https:\/\/catolicanet.net\/wp-cnet\/sudao-do-sul-apelo-dos-lideres-religiosos-sobre-o-destino-de-80-mil-deslocados-na-floresta\/","title":{"rendered":"Sud\u00e3o do Sul: Apelo dos l\u00edderes religiosos sobre o destino de 80 mil deslocados na floresta"},"content":{"rendered":"<p style=\"text-align: justify;\"><img decoding=\"async\" src=\"http:\/\/catolicanet.com.br\/images\/stories\/000 a a a asudao sul capa.jpg\" border=\"0\" align=\"left\" \/>Os l\u00edderes religiosos da regi\u00e3o se unem ao apelo lan\u00e7ado por M\u00e9dicos com a \u00c1frica Cuamm pelos deslocados que vivem no Western Equatoria, no Sud\u00e3o do Sul. Em particular pelo destino de mais de 80 mil pessoas que h\u00e1 dois meses sobrevivem na florestas e selvas da regi\u00e3o de Mundri.<\/p>\n<p>Uma nota enviada \u00e0 Ag\u00eancia Fides por dom Eduardo Hiiboro Kussala, bispo de Tombura Yambo, destaca a visita de uma delega\u00e7\u00e3o do Conselho Inter-religioso para a Paz do Estado de Western Equatoria realizada de 29 de outubro a 2 de novembro na regi\u00e3o do Greater Mundri.<\/p>\n<p>As pessoas mais atingidas s\u00e3o mulheres, crian\u00e7as e idosos, expostos a v\u00e1rias doen\u00e7as, em particular a mal\u00e1ria. A situa\u00e7\u00e3o humanit\u00e1ria piorou por causa do andamento do conflito entre o Ex\u00e9rcito regular e os \u201cArrow Boys\u201d. Os l\u00edderes religiosos fizeram um apelo pela suspens\u00e3o imediata das opera\u00e7\u00f5es militares na \u00e1rea a fim de \u201cpermitir a assist\u00eancia regular da parte das organiza\u00e7\u00f5es humanit\u00e1rias aos deslocados e fam\u00edlias que vivem nos povoados&#8221;.<\/p>\n<p>Pede-se para tornar seguras as ruas de acesso \u00e0 regi\u00e3o. Os meios de comunica\u00e7\u00e3o s\u00e3o exortados a dar not\u00edcias sobre a situa\u00e7\u00e3o humanit\u00e1ria da \u00e1rea e \u00e0s partes em conflito foi pedido para avaliar o di\u00e1logo como a melhor op\u00e7\u00e3o para resolver o conflito.<\/p>\n<p>Ao denunciar toda forma de viol\u00eancia, os l\u00edderes religiosos concluem sublinhando que \u201csentir-se protegidos e seguros \u00e9 importante para o desenvolvimento de toda crian\u00e7a. Um lugar seguro onde dormir, \u00e1gua pot\u00e1vel para beber, comida suficiente para comer, cuidados m\u00e9dicos e acesso \u00e0 educa\u00e7\u00e3o ajudam as crian\u00e7as a crescer a fim de se tornarem adultos sadios, maduros e produtivos\u201d.<\/p>\n<p style=\"text-align: justify;\">Fonte: POM<\/p>\n<p style=\"text-align: justify;\">\u00a0<\/p>\n","protected":false},"excerpt":{"rendered":"<p>Os l\u00edderes religiosos da regi\u00e3o se unem ao apelo lan\u00e7ado por M\u00e9dicos com a \u00c1frica Cuamm pelos deslocados que vivem no Western Equatoria, no Sud\u00e3o do Sul. Em particular pelo destino de mais de 80 mil pessoas que h\u00e1 dois meses sobrevivem na florestas e selvas da regi\u00e3o de Mundri. Uma nota enviada \u00e0 Ag\u00eancia [&hellip;]<\/p>\n","protected":false},"author":1,"featured_media":0,"comment_status":"open","ping_status":"open","sticky":false,"template":"","format":"standard","meta":{"footnotes":""},"categories":[3],"tags":[],"class_list":["post-12210","post","type-post","status-publish","format-standard","hentry","category-vaticano"],"_links":{"self":[{"href":"https:\/\/catolicanet.net\/wp-cnet\/wp-json\/wp\/v2\/posts\/12210","targetHints":{"allow":["GET"]}}],"collection":[{"href":"https:\/\/catolicanet.net\/wp-cnet\/wp-json\/wp\/v2\/posts"}],"about":[{"href":"https:\/\/catolicanet.net\/wp-cnet\/wp-json\/wp\/v2\/types\/post"}],"author":[{"embeddable":true,"href":"https:\/\/catolicanet.net\/wp-cnet\/wp-json\/wp\/v2\/users\/1"}],"replies":[{"embeddable":true,"href":"https:\/\/catolicanet.net\/wp-cnet\/wp-json\/wp\/v2\/comments?post=12210"}],"version-history":[{"count":1,"href":"https:\/\/catolicanet.net\/wp-cnet\/wp-json\/wp\/v2\/posts\/12210\/revisions"}],"predecessor-version":[{"id":28738,"href":"https:\/\/catolicanet.net\/wp-cnet\/wp-json\/wp\/v2\/posts\/12210\/revisions\/28738"}],"wp:attachment":[{"href":"https:\/\/catolicanet.net\/wp-cnet\/wp-json\/wp\/v2\/media?parent=12210"}],"wp:term":[{"taxonomy":"category","embeddable":true,"href":"https:\/\/catolicanet.net\/wp-cnet\/wp-json\/wp\/v2\/categories?post=12210"},{"taxonomy":"post_tag","embeddable":true,"href":"https:\/\/catolicanet.net\/wp-cnet\/wp-json\/wp\/v2\/tags?post=12210"}],"curies":[{"name":"wp","href":"https:\/\/api.w.org\/{rel}","templated":true}]}}