{"id":12209,"date":"2015-11-05T12:43:05","date_gmt":"2015-11-05T14:43:05","guid":{"rendered":"http:\/\/catolicanet.net\/wp-cnet\/2015\/11\/05\/bispo-e-seminaristas-de-marilia-sp-se-preparam-para-semana-missionaria\/"},"modified":"2017-05-31T14:37:07","modified_gmt":"2017-05-31T17:37:07","slug":"bispo-e-seminaristas-de-marilia-sp-se-preparam-para-semana-missionaria","status":"publish","type":"post","link":"https:\/\/catolicanet.net\/wp-cnet\/bispo-e-seminaristas-de-marilia-sp-se-preparam-para-semana-missionaria\/","title":{"rendered":"Bispo e seminaristas de Mar\u00edlia (SP) se preparam para Semana Mission\u00e1ria"},"content":{"rendered":"<p style=\"text-align: justify;\"><img decoding=\"async\" src=\"http:\/\/catolicanet.com.br\/images\/stories\/000 a a a a asemanamissio.jpg\" border=\"0\" align=\"left\" \/>Para ampliar o trabalho mission\u00e1rio na diocese e aprimorar o conhecimento das realidades paroquiais por parte dos futuros padres, dom Luiz Ant\u00f4nio Cipolini e os 25 seminaristas organizam a\u00e7\u00f5es mission\u00e1rias previstas para os dias 17 e 24 de janeiro de 2016 na comunidade paroquial Santa Rita de C\u00e1ssia na diocese de Mar\u00edlia.<\/p>\n<p>A Semana Mission\u00e1ria tem por objetivo aperfei\u00e7oar as atividades mission\u00e1rias e fazer com que os futuros presb\u00edteros conhe\u00e7am as realidades paroquiais que precisam de aux\u00edlio. A primeira edi\u00e7\u00e3o desta experi\u00eancia aconteceu no in\u00edcio de 2015 nas par\u00f3quias Imaculada Concei\u00e7\u00e3o de Maria de Mari\u00e1polis e Santa Luzia de Pracinha.<\/p>\n<p>A organiza\u00e7\u00e3o da Semana, que ter\u00e1 como tema o Ano da Miseric\u00f3rdia, est\u00e1 sendo pensada pelo bispo, o p\u00e1roco padre Luiz Eduardo Cardoso de S\u00e1 que receber\u00e1 a iniciativa, pelo di\u00e1cono Willians Roque de Brito e pelos pr\u00f3prios seminaristas. Conta tamb\u00e9m com a ajuda do Centro Diocesano de Pastoral (CDP) e de seu coordenador, o padre Ademilson Luiz Ferreira. Leigos e leigas da par\u00f3quia Santa Rita, envolvidos com a dimens\u00e3o mission\u00e1ria, tamb\u00e9m participar\u00e3o da experi\u00eancia.<\/p>\n<p>Para programar os detalhes das atividades e pensar a log\u00edstica utilizada nas visitas, foi formada uma comiss\u00e3o que j\u00e1 deu in\u00edcio aos trabalhos. A equipe tamb\u00e9m lan\u00e7ou, um perfil na rede social (www.facebook.com\/semanamissionariamarilia) onde ser\u00e3o postadas not\u00edcias e novidades da a\u00e7\u00e3o.<\/p>\n<p style=\"text-align: justify;\">Fonte: POM<\/p>\n","protected":false},"excerpt":{"rendered":"<p>Para ampliar o trabalho mission\u00e1rio na diocese e aprimorar o conhecimento das realidades paroquiais por parte dos futuros padres, dom Luiz Ant\u00f4nio Cipolini e os 25 seminaristas organizam a\u00e7\u00f5es mission\u00e1rias previstas para os dias 17 e 24 de janeiro de 2016 na comunidade paroquial Santa Rita de C\u00e1ssia na diocese de Mar\u00edlia. A Semana Mission\u00e1ria [&hellip;]<\/p>\n","protected":false},"author":1,"featured_media":0,"comment_status":"open","ping_status":"open","sticky":false,"template":"","format":"standard","meta":{"footnotes":""},"categories":[4],"tags":[],"class_list":["post-12209","post","type-post","status-publish","format-standard","hentry","category-cotidiano"],"_links":{"self":[{"href":"https:\/\/catolicanet.net\/wp-cnet\/wp-json\/wp\/v2\/posts\/12209","targetHints":{"allow":["GET"]}}],"collection":[{"href":"https:\/\/catolicanet.net\/wp-cnet\/wp-json\/wp\/v2\/posts"}],"about":[{"href":"https:\/\/catolicanet.net\/wp-cnet\/wp-json\/wp\/v2\/types\/post"}],"author":[{"embeddable":true,"href":"https:\/\/catolicanet.net\/wp-cnet\/wp-json\/wp\/v2\/users\/1"}],"replies":[{"embeddable":true,"href":"https:\/\/catolicanet.net\/wp-cnet\/wp-json\/wp\/v2\/comments?post=12209"}],"version-history":[{"count":1,"href":"https:\/\/catolicanet.net\/wp-cnet\/wp-json\/wp\/v2\/posts\/12209\/revisions"}],"predecessor-version":[{"id":26790,"href":"https:\/\/catolicanet.net\/wp-cnet\/wp-json\/wp\/v2\/posts\/12209\/revisions\/26790"}],"wp:attachment":[{"href":"https:\/\/catolicanet.net\/wp-cnet\/wp-json\/wp\/v2\/media?parent=12209"}],"wp:term":[{"taxonomy":"category","embeddable":true,"href":"https:\/\/catolicanet.net\/wp-cnet\/wp-json\/wp\/v2\/categories?post=12209"},{"taxonomy":"post_tag","embeddable":true,"href":"https:\/\/catolicanet.net\/wp-cnet\/wp-json\/wp\/v2\/tags?post=12209"}],"curies":[{"name":"wp","href":"https:\/\/api.w.org\/{rel}","templated":true}]}}