{"id":12184,"date":"2015-11-03T15:15:59","date_gmt":"2015-11-03T17:15:59","guid":{"rendered":"http:\/\/catolicanet.net\/wp-cnet\/2015\/11\/03\/iraque-qninguem-mais-precisa-viver-em-tendasq\/"},"modified":"2017-05-31T15:35:45","modified_gmt":"2017-05-31T18:35:45","slug":"iraque-qninguem-mais-precisa-viver-em-tendasq","status":"publish","type":"post","link":"https:\/\/catolicanet.net\/wp-cnet\/iraque-qninguem-mais-precisa-viver-em-tendasq\/","title":{"rendered":"Iraque: &#8220;Ningu\u00e9m mais precisa viver em tendas&#8221;"},"content":{"rendered":"<p style=\"text-align: justify;\"><img decoding=\"async\" src=\"http:\/\/catolicanet.com.br\/images\/stories\/3fcd8f90952a19354e6b0c4b58be99e3_xl.jpg\" border=\"0\" align=\"left\" \/>Dom Warda monta uma das cestas para as fam\u00edlias Dom Warda monta uma das cestas para as fam\u00edlias<\/p>\n<p>&#8220;Ningu\u00e9m mais precisa viver em tendas, como ocorria no ano passado e praticamente n\u00e3o h\u00e1 mais crian\u00e7as fora da escola&#8221; &#8230; por\u00e9m a situa\u00e7\u00e3o continua s\u00e9ria.<\/p>\n<p>Mais de um ano depois da fuga e de serem expulsos pelas mil\u00edcias terroristas do grupo \u201cEstado Isl\u00e2mico\u201d, os crist\u00e3os no Iraque j\u00e1 n\u00e3o t\u00eam tanta esperan\u00e7a de que poder\u00e3o voltar para as suas casas. Foi o que afirmou o arcebispo cat\u00f3lico caldeu de Erbil, Dom Bashar Matti Warda, durante visita \u00e0 sede administrativa da Funda\u00e7\u00e3o Pontif\u00edcia Ajuda \u00e0 Igreja que Sofre (AIS).<\/p>\n<p>\u201cAs pessoas n\u00e3o mais se deixam enganar, acreditando que as regi\u00f5es ocupadas poder\u00e3o ser libertadas rapidamente. Enquanto isso, n\u00f3s como Igreja, estamos tentando tornar poss\u00edvel que eles fiquem no Iraque. Quando as pessoas v\u00eaem os esfor\u00e7os que a Igreja est\u00e1 fazendo para ajud\u00e1-las, elas pensam duas vezes antes de ir embora\u201d. No ver\u00e3o do ano passado, mais de 125 mil crist\u00e3os fugiram para as regi\u00f5es aut\u00f4nomas curdas do Iraque depois que as for\u00e7as do grupo \u201cEstado Isl\u00e2mico\u201d avan\u00e7aram sobre Mossul e a plan\u00edcie de N\u00ednive. A maioria deles continua a viver ali como refugiados.<\/p>\n<p>Enquanto isso, o arcebispo Dom Warda testemunhou um consider\u00e1vel \u00eaxodo dos crist\u00e3os do Iraque: \u201cNo ano passado hav\u00edamos registrado 13.500 fam\u00edlias refugiadas crist\u00e3s em nossa arquidiocese. Agora s\u00e3o 10 mil. Isso significa que mais de 3 mil fam\u00edlias sa\u00edram do Iraque\u201d. Circularam entre os crist\u00e3os iraquianos as not\u00edcias do fluxo de refugiados que seguem para a Europa: \u201cN\u00f3s sentimos os efeitos desses acontecimentos na Europa. \u00c9 claro que as pessoas daqui ficam sabendo disso e acham que as portas da Europa est\u00e3o agora escancaradas para eles\u201d. Entretanto, o arcebispo disse que ainda n\u00e3o se nota uma acelera\u00e7\u00e3o da emigra\u00e7\u00e3o do Iraque em vista aos acontecimentos na Europa: \u201cMas \u00e9 claro que isso n\u00e3o torna mais f\u00e1cil nosso trabalho de possibilitar e convencer as pessoas a ficar\u201d.<\/p>\n<p>Segundo Dom Warda, a principal preocupa\u00e7\u00e3o da Igreja \u00e9 oferecer ajuda humanit\u00e1ria e pastoral: \u201cGra\u00e7as aos nossos parceiros, a situa\u00e7\u00e3o humanit\u00e1ria tem melhorado. Ningu\u00e9m mais precisa viver em tendas, como ocorria no ano passado. A maioria agora vive em containers ou em apartamentos que n\u00f3s alugamos. Al\u00e9m disso, gra\u00e7as \u00e0 Ajuda \u00e0 Igreja que Sofre, n\u00f3s pudemos estabelecer oito escolas, de modo que hoje praticamente n\u00e3o h\u00e1 mais crian\u00e7as fora da escola. Naturalmente, as coisas eram muito diferentes no ano passado. Finalmente, o abastecimento de alimentos agora funciona bem. Cada fam\u00edlia recebe de n\u00f3s uma cesta a cada m\u00eas\u201d. Contudo, o arcebispo acha que mais crist\u00e3os ir\u00e3o querer sair do pa\u00eds se essa ajuda vinda de fora cessar.<\/p>\n<p>O arcebispo ressaltou que ao lado da ajuda humanit\u00e1ria, o cuidado pastoral tem um papel decisivo: \u201cRecentemente n\u00f3s organizamos um Festival da F\u00e9. Mil e duzentas pessoas participaram. Fiquei muito emocionado com as hist\u00f3rias que as pessoas contaram. Muitos jovens falaram que tiveram de passar por um per\u00edodo de trevas. Pois, afinal, eles, ao fugir, n\u00e3o s\u00f3 perderam suas casas, mas tamb\u00e9m suas esperan\u00e7as, alegrias, confian\u00e7a e sonhos. Mas, quando viram que a Igreja estava com eles, que os padres e as freiras estavam ao lado deles, tiveram coragem de novo. Sua f\u00e9 retornou. Eles ainda n\u00e3o t\u00eam casa, mas pelo menos tem uma f\u00e9 viva\u201d.<\/p>\n<p>Apesar disso, Dom Warda tem certeza de que o n\u00famero de crist\u00e3os no Iraque ainda vai diminuir mais: \u201cA situa\u00e7\u00e3o \u00e9 dif\u00edcil. N\u00f3s, como Igreja, estamos fazendo tudo que podemos. Mas eu creio que, a longo prazo, vai ser decisivo que os que ficarem tenham uma miss\u00e3o. N\u00f3s, os crist\u00e3os do Iraque, pertencemos a esta terra. \u00c9 nossa tarefa construir pontes, viver os valores crist\u00e3os. \u00c9 meu sonho tamb\u00e9m poder rezar o Pai Nosso junto com os n\u00e3o crist\u00e3os. Afinal, isso n\u00e3o seria t\u00e3o dif\u00edcil. Mas o que seria decisivo, \u00e9 viver essa ora\u00e7\u00e3o. A mensagem do Pai Nosso \u00e9 que o amor de Deus \u00e9 para todo o povo\u201d.<\/p>\n<p>A Ajuda \u00e0 Igreja que Sofre tem apoiado os crist\u00e3os do Iraque por muitos anos. Com o in\u00edcio da crise dos refugiados, ela intensificou essa tarefa. Assim, mais de 46 milh\u00f5es de reais foram aprovados para projetos em 2014 e neste ano. Projetos como habita\u00e7\u00e3o para as fam\u00edlias, constru\u00e7\u00e3o das escolas, alimenta\u00e7\u00e3o, rem\u00e9dios e muito mais.<\/p>\n<p style=\"text-align: justify;\">Fonte: AIS<\/p>\n","protected":false},"excerpt":{"rendered":"<p>Dom Warda monta uma das cestas para as fam\u00edlias Dom Warda monta uma das cestas para as fam\u00edlias &#8220;Ningu\u00e9m mais precisa viver em tendas, como ocorria no ano passado e praticamente n\u00e3o h\u00e1 mais crian\u00e7as fora da escola&#8221; &#8230; por\u00e9m a situa\u00e7\u00e3o continua s\u00e9ria. Mais de um ano depois da fuga e de serem expulsos [&hellip;]<\/p>\n","protected":false},"author":1,"featured_media":0,"comment_status":"open","ping_status":"open","sticky":false,"template":"","format":"standard","meta":{"footnotes":""},"categories":[4],"tags":[],"class_list":["post-12184","post","type-post","status-publish","format-standard","hentry","category-cotidiano"],"_links":{"self":[{"href":"https:\/\/catolicanet.net\/wp-cnet\/wp-json\/wp\/v2\/posts\/12184","targetHints":{"allow":["GET"]}}],"collection":[{"href":"https:\/\/catolicanet.net\/wp-cnet\/wp-json\/wp\/v2\/posts"}],"about":[{"href":"https:\/\/catolicanet.net\/wp-cnet\/wp-json\/wp\/v2\/types\/post"}],"author":[{"embeddable":true,"href":"https:\/\/catolicanet.net\/wp-cnet\/wp-json\/wp\/v2\/users\/1"}],"replies":[{"embeddable":true,"href":"https:\/\/catolicanet.net\/wp-cnet\/wp-json\/wp\/v2\/comments?post=12184"}],"version-history":[{"count":1,"href":"https:\/\/catolicanet.net\/wp-cnet\/wp-json\/wp\/v2\/posts\/12184\/revisions"}],"predecessor-version":[{"id":26925,"href":"https:\/\/catolicanet.net\/wp-cnet\/wp-json\/wp\/v2\/posts\/12184\/revisions\/26925"}],"wp:attachment":[{"href":"https:\/\/catolicanet.net\/wp-cnet\/wp-json\/wp\/v2\/media?parent=12184"}],"wp:term":[{"taxonomy":"category","embeddable":true,"href":"https:\/\/catolicanet.net\/wp-cnet\/wp-json\/wp\/v2\/categories?post=12184"},{"taxonomy":"post_tag","embeddable":true,"href":"https:\/\/catolicanet.net\/wp-cnet\/wp-json\/wp\/v2\/tags?post=12184"}],"curies":[{"name":"wp","href":"https:\/\/api.w.org\/{rel}","templated":true}]}}