{"id":12183,"date":"2015-11-03T13:38:53","date_gmt":"2015-11-03T15:38:53","guid":{"rendered":"http:\/\/catolicanet.net\/wp-cnet\/2015\/11\/03\/arquidiocese-de-porto-alegre-rs-espera-20-mil-jovens-para-o-bote-fe-2015\/"},"modified":"2017-05-26T16:27:33","modified_gmt":"2017-05-26T19:27:33","slug":"arquidiocese-de-porto-alegre-rs-espera-20-mil-jovens-para-o-bote-fe-2015","status":"publish","type":"post","link":"https:\/\/catolicanet.net\/wp-cnet\/arquidiocese-de-porto-alegre-rs-espera-20-mil-jovens-para-o-bote-fe-2015\/","title":{"rendered":"Arquidiocese de Porto Alegre (RS) espera 20 mil jovens para o Bote F\u00e9 2015"},"content":{"rendered":"<p style=\"text-align: justify;\"><img decoding=\"async\" src=\"http:\/\/catolicanet.com.br\/images\/stories\/botefers.png\" border=\"0\" align=\"left\" \/>Durante o evento ser\u00e3o arrecadados alimentos para fam\u00edlias de refugiados que vivem na regi\u00e3o<\/p>\n<p>Neste domingo, 1\u00ba de novembro, mais de 20 mil jovens, da regi\u00e3o de Porto Alegre, s\u00e3o esperados para o \u201cBote F\u00e9 2015\u201d, no anfiteatro P\u00f4r do Sol. A celebra\u00e7\u00e3o d\u00e1 continuidade \u00e0s a\u00e7\u00f5es iniciadas na Jornada Mundial da Juventude (JMJ) Rio 2013. A programa\u00e7\u00e3o iniciar\u00e1 \u00e0s 14h, com apresenta\u00e7\u00f5es de bandas cat\u00f3licas. A entrada \u00e9 gratuita. <\/p>\n<p>O arcebispo de Porto Alegre (RS), dom Jaime Splenger, comenta que esta \u00e9 a segunda edi\u00e7\u00e3o do evento, com objetivo de integrar a juventude. \u201cS\u00e3o jovens que acreditam em Jesus Cristo! Jovens que desejam pautar a pr\u00f3pria exist\u00eancia pelo Evangelho. Jovens que alimentam a esperan\u00e7a. Esperan\u00e7a de poder colaborar sempre mais na constru\u00e7\u00e3o de uma sociedade fraterna, justa e pac\u00edfica\u201d, explica dom Jaime. <\/p>\n<p>Na programa\u00e7\u00e3o do \u201cBote F\u00e9 2015\u201d, haver\u00e1 atendimento de confiss\u00f5es e aconselhamento, al\u00e9m de Feira de Carismas. \u00c0s 18h30, os jovens participar\u00e3o de missa celebrada pelo arcebispo, dom Jaime e por dom Adelar Baruffi, bispo da diocese de Cruz Alta (RS). <\/p>\n<p>Est\u00e1 previsto o lan\u00e7amento do projeto #Rota300 que celebrar\u00e1 o Jubileu da apari\u00e7\u00e3o da imagem de Nossa Senhora Aparecida. Na missa, ser\u00e1 entronizada a imagem, dando in\u00edcio ao projeto de evangeliza\u00e7\u00e3o. <\/p>\n<p>Caminhada pela Paz<\/p>\n<p>No trajeto at\u00e9 a cidade de Porto Alegre os jovens ir\u00e3o peregrinar no \u201cCaminho da Paz\u201d. A iniciativa integra a proposta do Ano da Paz proposto pela CNBB.\u00a0 O arcebispo diz ser poss\u00edvel uma sociedade com mais toler\u00e2ncia e respeito. \u201cPara que tal sociedade se consolide \u00e9 necess\u00e1rio superar as barreiras que s\u00e3o colocadas no caminho de tantos. Urge, antes de tudo, favorecer o espa\u00e7o familiar, no qual carinho, amor, apoio, f\u00e9, incentivo, corre\u00e7\u00e3o, compreens\u00e3o e respeito pela diferen\u00e7a sejam atitudes promovidas e cultivadas. Urge, tamb\u00e9m, que a sociedade se empenhe por proteger esses jovens de toda forma de viol\u00eancia. Viol\u00eancia que, no atual contexto, nem mais causa indigna\u00e7\u00e3o\u201d, pontua dom Jaime. <\/p>\n<p>Haver\u00e1, ainda, gesto concreto em prol dos imigrantes que residem no Estado do Rio Grande do Sul. Ser\u00e3o arrecadados alimentos n\u00e3o perec\u00edveis para ser entregues a mais de 13 mil pessoas. Trata-se de uma parceria com a Pastoral da Mobilidade Humana, que visa a\u00e7\u00f5es de valoriza\u00e7\u00e3o e cuidado com imigrantes. <\/p>\n<p>Dom Jaime agradece a generosidade da juventude em ajudar as fam\u00edlias mais necessitadas. \u201cN\u00e3o se deseja que tal gesto se espalhe, fa\u00e7a publicidade. O que se quer \u00e9 que chegue a muitos um sinal concreto de acolhida e de solidariedade. O que for recolhido de donativos pode tamb\u00e9m ser partilhado com os tantos flagelados pelas chuvas das \u00faltimas semanas\u201d, acrescenta o bispo. <br \/>CNBB com informa\u00e7\u00f5es do regional Sul 3.<\/p>\n<p style=\"text-align: justify;\">Fonte: CNBB<\/p>\n","protected":false},"excerpt":{"rendered":"<p>Durante o evento ser\u00e3o arrecadados alimentos para fam\u00edlias de refugiados que vivem na regi\u00e3o Neste domingo, 1\u00ba de novembro, mais de 20 mil jovens, da regi\u00e3o de Porto Alegre, s\u00e3o esperados para o \u201cBote F\u00e9 2015\u201d, no anfiteatro P\u00f4r do Sol. A celebra\u00e7\u00e3o d\u00e1 continuidade \u00e0s a\u00e7\u00f5es iniciadas na Jornada Mundial da Juventude (JMJ) Rio [&hellip;]<\/p>\n","protected":false},"author":1,"featured_media":0,"comment_status":"open","ping_status":"open","sticky":false,"template":"","format":"standard","meta":{"footnotes":""},"categories":[7],"tags":[],"class_list":["post-12183","post","type-post","status-publish","format-standard","hentry","category-cnbb"],"_links":{"self":[{"href":"https:\/\/catolicanet.net\/wp-cnet\/wp-json\/wp\/v2\/posts\/12183","targetHints":{"allow":["GET"]}}],"collection":[{"href":"https:\/\/catolicanet.net\/wp-cnet\/wp-json\/wp\/v2\/posts"}],"about":[{"href":"https:\/\/catolicanet.net\/wp-cnet\/wp-json\/wp\/v2\/types\/post"}],"author":[{"embeddable":true,"href":"https:\/\/catolicanet.net\/wp-cnet\/wp-json\/wp\/v2\/users\/1"}],"replies":[{"embeddable":true,"href":"https:\/\/catolicanet.net\/wp-cnet\/wp-json\/wp\/v2\/comments?post=12183"}],"version-history":[{"count":1,"href":"https:\/\/catolicanet.net\/wp-cnet\/wp-json\/wp\/v2\/posts\/12183\/revisions"}],"predecessor-version":[{"id":24011,"href":"https:\/\/catolicanet.net\/wp-cnet\/wp-json\/wp\/v2\/posts\/12183\/revisions\/24011"}],"wp:attachment":[{"href":"https:\/\/catolicanet.net\/wp-cnet\/wp-json\/wp\/v2\/media?parent=12183"}],"wp:term":[{"taxonomy":"category","embeddable":true,"href":"https:\/\/catolicanet.net\/wp-cnet\/wp-json\/wp\/v2\/categories?post=12183"},{"taxonomy":"post_tag","embeddable":true,"href":"https:\/\/catolicanet.net\/wp-cnet\/wp-json\/wp\/v2\/tags?post=12183"}],"curies":[{"name":"wp","href":"https:\/\/api.w.org\/{rel}","templated":true}]}}