{"id":12171,"date":"2015-10-30T13:40:52","date_gmt":"2015-10-30T15:40:52","guid":{"rendered":"http:\/\/catolicanet.net\/wp-cnet\/2015\/10\/30\/liturgia-arquidiocese-de-braga-publica-subsidio-para-ajudar-comunidades-na-lromagem-ao-cemiterior\/"},"modified":"2017-05-31T15:47:33","modified_gmt":"2017-05-31T18:47:33","slug":"liturgia-arquidiocese-de-braga-publica-subsidio-para-ajudar-comunidades-na-lromagem-ao-cemiterior","status":"publish","type":"post","link":"https:\/\/catolicanet.net\/wp-cnet\/liturgia-arquidiocese-de-braga-publica-subsidio-para-ajudar-comunidades-na-lromagem-ao-cemiterior\/","title":{"rendered":"Liturgia: Arquidiocese de Braga publica subs\u00eddio para ajudar comunidades na \u00abromagem ao cemit\u00e9rio\u00bb"},"content":{"rendered":"<p style=\"text-align: justify;\"><img decoding=\"async\" src=\"http:\/\/catolicanet.com.br\/images\/stories\/82e0d38776f31b48afa8e0e986360b02.png\" border=\"0\" align=\"left\" \/>Igreja evoca Todos os Santos antes de recordar fi\u00e9is defuntos<\/p>\n<p> O Departamento de Liturgia da Arquidiocese de Braga publicou um subs\u00eddio lit\u00fargico para a \u2018Romagem ao cemit\u00e9rio\u2019 para as comunidades viverem juntas a comemora\u00e7\u00e3o do dia dos fi\u00e9is defuntos.<\/p>\n<p>\u201cA comemora\u00e7\u00e3o de todos os fi\u00e9is defuntos \u00e9 uma continua\u00e7\u00e3o da festa de Todos os Santos, quer os fi\u00e9is que vivem na gl\u00f3ria, quer os que vivem na purifica\u00e7\u00e3o, preparando-se para a vis\u00e3o de Deus\u201d, explicam os respons\u00e1veis pela publica\u00e7\u00e3o.<\/p>\n<p>Neste contexto, apresenta-se um subs\u00eddio lit\u00fargico para o dia 2 de novembro, dispon\u00edvel no s\u00edtio online da Arquidiocese minhota.<\/p>\n<p>\u201cA Igreja peregrina n\u00e3o podia, por isso, ao celebrar a Igreja da gl\u00f3ria, esquecer a Igreja que se purifica no Purgat\u00f3rio\u201d, acrescenta o documento, aludindo a duas celebra\u00e7\u00f5es lit\u00fargicas distintas que se sucedem no calend\u00e1rio cat\u00f3lico.<\/p>\n<p>No dia 1 de novembro, a Igreja celebra a solenidade lit\u00fargica de Todos os Santos, na qual lembra conjuntamente \u201cos eleitos que se encontram na gl\u00f3ria de Deus\u201d, tenham ou n\u00e3o sido canonizados oficialmente, como explicou o cardeal portugu\u00eas D. Jos\u00e9 Saraiva Martins, que presidiu \u00e0 Congrega\u00e7\u00e3o para as Causas dos Santos (Santa S\u00e9), na mais recente edi\u00e7\u00e3o do Seman\u00e1rio digital ECCLESIA, dedicado ao \u2018Luto e Santidade\u2019.<\/p>\n<p>Esta data foi adotada em primeiro lugar na Inglaterra do s\u00e9culo VIII acabando por se generalizar progressivamente no imp\u00e9rio de Carlos Magno, tornando-se obrigat\u00f3ria no reino dos Francos no tempo de Lu\u00eds, o Pio (835), provavelmente a pedido do Papa Greg\u00f3rio IV (790-844).<\/p>\n<p>Segundo a tradi\u00e7\u00e3o, em Portugal, no dia de Todos os Santos, as crian\u00e7as sa\u00edam \u00e0 rua e juntavam-se em pequenos grupos para pedir o \u2018P\u00e3o por Deus\u2019 de porta em porta: Recitavam versos e recebiam como oferenda p\u00e3o, broas, bolos, rom\u00e3s e frutos secos, nozes, am\u00eandoas ou castanhas, que colocavam dentro dos seus sacos de pano; nalgumas aldeias chama-se a este dia o \u2018Dia dos Bolinhos\u2019.<\/p>\n<p>O feriado de Todos os Santos \u00e9 um dos quatro atualmente suspensos em Portugal, juntamente com os dias do Corpo de Deus, 5 de outubro e 1 de dezembro.<\/p>\n<p>Por sua vez, a \u2018comemora\u00e7\u00e3o de todos os fi\u00e9is defuntos\u2019, remonta ao final do primeiro mil\u00e9nio: foi o Abade de Cluny, Santo Odil\u00e3o, quem no ano 998 determinou que em todos os mosteiros da sua Ordem se fizesse nesta data a evoca\u00e7\u00e3o de todos os defuntos \u2018desde o princ\u00edpio at\u00e9 ao fim do mundo\u2019.<\/p>\n<p>Este costume depressa se generalizou: Roma oficializou-o no s\u00e9culo XIV e no s\u00e9culo XV foi concedido aos dominicanos de Val\u00eancia (Espanha) o privil\u00e9gio de celebrar tr\u00eas Missas neste dia, pr\u00e1tica que se difundiu nos dom\u00ednios espanh\u00f3is e portugueses e ainda na Pol\u00f3nia.<\/p>\n<p>Durante a I Guerra Mundial, o Papa Bento XV generalizou esse uso em toda a Igreja (1915).<\/p>\n<p style=\"text-align: justify;\">Fonte: Ag\u00eancia Ecclesia<\/p>\n","protected":false},"excerpt":{"rendered":"<p>Igreja evoca Todos os Santos antes de recordar fi\u00e9is defuntos O Departamento de Liturgia da Arquidiocese de Braga publicou um subs\u00eddio lit\u00fargico para a \u2018Romagem ao cemit\u00e9rio\u2019 para as comunidades viverem juntas a comemora\u00e7\u00e3o do dia dos fi\u00e9is defuntos. \u201cA comemora\u00e7\u00e3o de todos os fi\u00e9is defuntos \u00e9 uma continua\u00e7\u00e3o da festa de Todos os Santos, [&hellip;]<\/p>\n","protected":false},"author":1,"featured_media":0,"comment_status":"open","ping_status":"open","sticky":false,"template":"","format":"standard","meta":{"footnotes":""},"categories":[4],"tags":[],"class_list":["post-12171","post","type-post","status-publish","format-standard","hentry","category-cotidiano"],"_links":{"self":[{"href":"https:\/\/catolicanet.net\/wp-cnet\/wp-json\/wp\/v2\/posts\/12171","targetHints":{"allow":["GET"]}}],"collection":[{"href":"https:\/\/catolicanet.net\/wp-cnet\/wp-json\/wp\/v2\/posts"}],"about":[{"href":"https:\/\/catolicanet.net\/wp-cnet\/wp-json\/wp\/v2\/types\/post"}],"author":[{"embeddable":true,"href":"https:\/\/catolicanet.net\/wp-cnet\/wp-json\/wp\/v2\/users\/1"}],"replies":[{"embeddable":true,"href":"https:\/\/catolicanet.net\/wp-cnet\/wp-json\/wp\/v2\/comments?post=12171"}],"version-history":[{"count":1,"href":"https:\/\/catolicanet.net\/wp-cnet\/wp-json\/wp\/v2\/posts\/12171\/revisions"}],"predecessor-version":[{"id":26951,"href":"https:\/\/catolicanet.net\/wp-cnet\/wp-json\/wp\/v2\/posts\/12171\/revisions\/26951"}],"wp:attachment":[{"href":"https:\/\/catolicanet.net\/wp-cnet\/wp-json\/wp\/v2\/media?parent=12171"}],"wp:term":[{"taxonomy":"category","embeddable":true,"href":"https:\/\/catolicanet.net\/wp-cnet\/wp-json\/wp\/v2\/categories?post=12171"},{"taxonomy":"post_tag","embeddable":true,"href":"https:\/\/catolicanet.net\/wp-cnet\/wp-json\/wp\/v2\/tags?post=12171"}],"curies":[{"name":"wp","href":"https:\/\/api.w.org\/{rel}","templated":true}]}}