{"id":12162,"date":"2015-10-29T16:52:50","date_gmt":"2015-10-29T18:52:50","guid":{"rendered":"http:\/\/catolicanet.net\/wp-cnet\/2015\/10\/29\/sinodo-2015-aposta-na-preparacao-para-evitar-falta-de-lcompromissor-no-matrimonio\/"},"modified":"2017-05-30T14:23:21","modified_gmt":"2017-05-30T17:23:21","slug":"sinodo-2015-aposta-na-preparacao-para-evitar-falta-de-lcompromissor-no-matrimonio","status":"publish","type":"post","link":"https:\/\/catolicanet.net\/wp-cnet\/sinodo-2015-aposta-na-preparacao-para-evitar-falta-de-lcompromissor-no-matrimonio\/","title":{"rendered":"S\u00ednodo 2015: Aposta na prepara\u00e7\u00e3o para evitar falta de \u00abcompromisso\u00bb no Matrim\u00f4nio"},"content":{"rendered":"<p style=\"text-align: justify;\"><img decoding=\"async\" src=\"http:\/\/catolicanet.com.br\/images\/stories\/00 sinodo.jpg\" border=\"0\" align=\"left\" \/>D. Manuel Clemente elogia clima dos trabalhos no Vaticano e aponta prioridades ap\u00f3s debate sobre a fam\u00edlia<\/p>\n<p> O cardeal-patriarca de Lisboa afirmou hoje que a Igreja Cat\u00f3lica tem de \u201cinvestir muito mais\u201d na prepara\u00e7\u00e3o para o Matrim\u00f4nio e no acompanhamento da vida conjugal, prioridades apontadas pelo S\u00ednodo dos Bispos sobre a fam\u00edlia.<\/p>\n<p>D. Manuel Clemente falava em confer\u00eancia de imprensa, a respeito das duas assembleias sinodais em que participou, no Vaticano, a \u00faltima das quais conclu\u00edda este domingo.<\/p>\n<p>Para o presidente da Confer\u00eancia Episcopal Portuguesa, h\u00e1 uma maior consci\u00eancia de que \u00e9 preciso preparar os cat\u00f3licos para assumirem as exig\u00eancias de unidade, indissolubilidade e fecundidade do Matrim\u00f4nio.<\/p>\n<p>\u201cInfelizmente, o que n\u00f3s verificamos em muitos casamentos sacramentais \u00e9 que n\u00e3o houve prepara\u00e7\u00e3o, disposi\u00e7\u00e3o nem compromisso\u201d, disse aos jornalistas.<\/p>\n<p>Nesse sentido, a recente altera\u00e7\u00e3o promovida pelo Papa, simplificando os processos relativos \u00e0 declara\u00e7\u00e3o de nulidade matrimonial vem ajudar a determinar se as pessoas \u201cestavam convictas, preparadas e em condi\u00e7\u00f5es\u201d para assumir o Matrim\u00f4nio cat\u00f3lico.<\/p>\n<p>\u201cTemos de ter muita aten\u00e7\u00e3o \u00e0 verifica\u00e7\u00e3o da validade do v\u00ednculo\u201d, acrescentou o cardeal-patriarca.<\/p>\n<p>Estas indica\u00e7\u00f5es, prosseguiu D. Manuel Clemente, v\u00e3o implicar um esfor\u00e7o na habilita\u00e7\u00e3o de pessoas que acompanham os processos de declara\u00e7\u00e3o de nulidade, acompanhado por um maior acompanhamento nas par\u00f3quias, para que seja explicada aos noivos \u201ca proposta cat\u00f3lica a respeito do sacramento\u201d do Matrim\u00f4nio.<\/p>\n<p>O presidente da Confer\u00eancia Episcopal Portuguesa recordou o pa\u00eds viveu o fim de uma sociedade feita de \u201cestabilidades tradicionais\u201d e \u201cvincula\u00e7\u00f5es ancestrais\u201d, uma sociedade que se \u201cpulverizou\u201d a partir dos anos 60 do s\u00e9culo XX, com um novo \u201carco da vida e das expectativas\u201d e maior centralidade da \u201cdecis\u00e3o individual\u201d.<\/p>\n<p>Al\u00e9m de definir \u201cprinc\u00edpios gerais de elucida\u00e7\u00e3o e acompanhamento\u201d, a Igreja Cat\u00f3lica deve ter como preocupa\u00e7\u00e3o proporcionar \u201cboas experi\u00eancias familiares\u201d aos mais novos, desenvolvendo esta \u201cbase comunit\u00e1ria\u201d.<\/p>\n<p>Outra preocupa\u00e7\u00e3o \u00e9 a de ajudar a \u201corganizar a sociedade em chave familiar\u201d, nos tempos de trabalho ou no apoio \u00e0 natalidade, por exemplo, para mostrar que \u201c\u00e9 poss\u00edvel ser doutra maneira\u201d.<\/p>\n<p>\u201cH\u00e1 um caminho longu\u00edssimo que nos vai envolver\u201d, admitiu D. Manuel Clemente.<\/p>\n<p>Questionado sobre as propostas do S\u00ednodo dos Bispos a respeito dos divorciados cat\u00f3licos que voltaram a casar civilmente, o cardeal-patriarca sublinha que h\u00e1 a inten\u00e7\u00e3o de que os mesmos \u201cparticipem ativamente na Igreja\u201d, inclusive em \u201cmuitos aspectos de que est\u00e3o afastados\u201d, com exclus\u00e3o da \u201cComunh\u00e3o sacramental\u201d.<\/p>\n<p>\u201cEm rela\u00e7\u00e3o \u00e0 comunh\u00e3o sacramental, permanece um problema doutrinal\u201d, precisou, dado que nenhum Sacramento \u201cpode contrariar\u201d outro Sacramento.<\/p>\n<p>D. Manuel Clemente confessou uma \u201cexpectativa positiva\u201d em rela\u00e7\u00e3o ao que o Papa vai dizer a partir do relat\u00f3rio final do S\u00ednodo, \u201cum caminho aberto que vai levar muito longe\u201d.<\/p>\n<p>O respons\u00e1vel falou num clima geral de \u201cserenidade\u201d, alheio \u00e0s pol\u00eamicas a chamada \u2018carta dos 13\u2019 cardeais ou a alegada doen\u00e7a do Papa, sem qualquer \u201ccultura do confronto\u201d.<\/p>\n<p style=\"text-align: justify;\">Fonte: Ag\u00eancia Ecclesia<\/p>\n","protected":false},"excerpt":{"rendered":"<p>D. Manuel Clemente elogia clima dos trabalhos no Vaticano e aponta prioridades ap\u00f3s debate sobre a fam\u00edlia O cardeal-patriarca de Lisboa afirmou hoje que a Igreja Cat\u00f3lica tem de \u201cinvestir muito mais\u201d na prepara\u00e7\u00e3o para o Matrim\u00f4nio e no acompanhamento da vida conjugal, prioridades apontadas pelo S\u00ednodo dos Bispos sobre a fam\u00edlia. D. Manuel Clemente [&hellip;]<\/p>\n","protected":false},"author":1,"featured_media":0,"comment_status":"open","ping_status":"open","sticky":false,"template":"","format":"standard","meta":{"footnotes":""},"categories":[7],"tags":[],"class_list":["post-12162","post","type-post","status-publish","format-standard","hentry","category-cnbb"],"_links":{"self":[{"href":"https:\/\/catolicanet.net\/wp-cnet\/wp-json\/wp\/v2\/posts\/12162","targetHints":{"allow":["GET"]}}],"collection":[{"href":"https:\/\/catolicanet.net\/wp-cnet\/wp-json\/wp\/v2\/posts"}],"about":[{"href":"https:\/\/catolicanet.net\/wp-cnet\/wp-json\/wp\/v2\/types\/post"}],"author":[{"embeddable":true,"href":"https:\/\/catolicanet.net\/wp-cnet\/wp-json\/wp\/v2\/users\/1"}],"replies":[{"embeddable":true,"href":"https:\/\/catolicanet.net\/wp-cnet\/wp-json\/wp\/v2\/comments?post=12162"}],"version-history":[{"count":1,"href":"https:\/\/catolicanet.net\/wp-cnet\/wp-json\/wp\/v2\/posts\/12162\/revisions"}],"predecessor-version":[{"id":24614,"href":"https:\/\/catolicanet.net\/wp-cnet\/wp-json\/wp\/v2\/posts\/12162\/revisions\/24614"}],"wp:attachment":[{"href":"https:\/\/catolicanet.net\/wp-cnet\/wp-json\/wp\/v2\/media?parent=12162"}],"wp:term":[{"taxonomy":"category","embeddable":true,"href":"https:\/\/catolicanet.net\/wp-cnet\/wp-json\/wp\/v2\/categories?post=12162"},{"taxonomy":"post_tag","embeddable":true,"href":"https:\/\/catolicanet.net\/wp-cnet\/wp-json\/wp\/v2\/tags?post=12162"}],"curies":[{"name":"wp","href":"https:\/\/api.w.org\/{rel}","templated":true}]}}