{"id":12151,"date":"2015-10-28T18:41:55","date_gmt":"2015-10-28T20:41:55","guid":{"rendered":"http:\/\/catolicanet.net\/wp-cnet\/2015\/10\/28\/maria-passa-na-frente-250-cristaos-sequestrados-pelo-estado-islamico-rezavam-o-terco-e-nao-renunciavam-a-fe-testemunha-o-padre-que-foi-libertado\/"},"modified":"2017-05-31T15:48:58","modified_gmt":"2017-05-31T18:48:58","slug":"maria-passa-na-frente-250-cristaos-sequestrados-pelo-estado-islamico-rezavam-o-terco-e-nao-renunciavam-a-fe-testemunha-o-padre-que-foi-libertado","status":"publish","type":"post","link":"https:\/\/catolicanet.net\/wp-cnet\/maria-passa-na-frente-250-cristaos-sequestrados-pelo-estado-islamico-rezavam-o-terco-e-nao-renunciavam-a-fe-testemunha-o-padre-que-foi-libertado\/","title":{"rendered":"Maria passa na frente: 250 crist\u00e3os sequestrados pelo Estado Isl\u00e2mico rezavam o ter\u00e7o e n\u00e3o renunciavam \u00e0 f\u00e9, testemunha o padre que foi libertado"},"content":{"rendered":"<p style=\"text-align: justify;\"><img decoding=\"async\" src=\"http:\/\/catolicanet.com.br\/images\/stories\/pe-jacques-mourad.png\" border=\"0\" align=\"left\" \/>Padre Jacques Mourad: \u201cEsta prova\u00e7\u00e3o fortaleceu a f\u00e9 de todos n\u00f3s, inclusive a minha como sacerdote. Eu nasci de novo\u201d<\/p>\n<p>O pe. Jacques Mourad, prior do mosteiro siro-cat\u00f3lico de Mar Elia, foi entrevistado pelo canal crist\u00e3o Tele Lumi\u00e8re sobre o sequestro de que foi v\u00edtima entre 21 de maio e 11 de outubro deste ano.<\/p>\n<p>Jihadistas do Estado Isl\u00e2mico o prenderam em Qaryatayn, na S\u00edria. O monge era membro da comunidade fundada pelo padre jesu\u00edta Paolo Dall\u2019Oglio, que continua desaparecido desde o dia 29 de julho de 2013, quando tamb\u00e9m foi sequestrado em Raqqa, no norte do pa\u00eds.<\/p>\n<p>\u201cQuando eles estavam me levando, de m\u00e3os amarradas e olhos vendados, eu me peguei dizendo a mim mesmo: \u2018Estou a caminho da liberdade!\u2019\u201d, relatou o sacerdote.<\/p>\n<p>Estavam no cativeiro outros 250 crist\u00e3os de Qaryatayn, para os quais o pe. Jacques celebrava a missa. A respeito deles, o sacerdote testemunha:<\/p>\n<p>\u201cOs crist\u00e3os eram muito acossados por causa da f\u00e9 e da doutrina crist\u00e3, mas, apesar das press\u00f5es, n\u00e3o se converteram ao isl\u00e3. Eles perseveraram fi\u00e9is ao ros\u00e1rio. Essa prova\u00e7\u00e3o fortaleceu a f\u00e9 de todos n\u00f3s, inclusive a minha como sacerdote. \u00c9 como se eu tivesse nascido de novo\u201d.<\/p>\n<p style=\"text-align: justify;\">Fonte: Aleteia<\/p>\n","protected":false},"excerpt":{"rendered":"<p>Padre Jacques Mourad: \u201cEsta prova\u00e7\u00e3o fortaleceu a f\u00e9 de todos n\u00f3s, inclusive a minha como sacerdote. Eu nasci de novo\u201d O pe. Jacques Mourad, prior do mosteiro siro-cat\u00f3lico de Mar Elia, foi entrevistado pelo canal crist\u00e3o Tele Lumi\u00e8re sobre o sequestro de que foi v\u00edtima entre 21 de maio e 11 de outubro deste ano. [&hellip;]<\/p>\n","protected":false},"author":1,"featured_media":0,"comment_status":"open","ping_status":"open","sticky":false,"template":"","format":"standard","meta":{"footnotes":""},"categories":[4],"tags":[],"class_list":["post-12151","post","type-post","status-publish","format-standard","hentry","category-cotidiano"],"_links":{"self":[{"href":"https:\/\/catolicanet.net\/wp-cnet\/wp-json\/wp\/v2\/posts\/12151","targetHints":{"allow":["GET"]}}],"collection":[{"href":"https:\/\/catolicanet.net\/wp-cnet\/wp-json\/wp\/v2\/posts"}],"about":[{"href":"https:\/\/catolicanet.net\/wp-cnet\/wp-json\/wp\/v2\/types\/post"}],"author":[{"embeddable":true,"href":"https:\/\/catolicanet.net\/wp-cnet\/wp-json\/wp\/v2\/users\/1"}],"replies":[{"embeddable":true,"href":"https:\/\/catolicanet.net\/wp-cnet\/wp-json\/wp\/v2\/comments?post=12151"}],"version-history":[{"count":1,"href":"https:\/\/catolicanet.net\/wp-cnet\/wp-json\/wp\/v2\/posts\/12151\/revisions"}],"predecessor-version":[{"id":26954,"href":"https:\/\/catolicanet.net\/wp-cnet\/wp-json\/wp\/v2\/posts\/12151\/revisions\/26954"}],"wp:attachment":[{"href":"https:\/\/catolicanet.net\/wp-cnet\/wp-json\/wp\/v2\/media?parent=12151"}],"wp:term":[{"taxonomy":"category","embeddable":true,"href":"https:\/\/catolicanet.net\/wp-cnet\/wp-json\/wp\/v2\/categories?post=12151"},{"taxonomy":"post_tag","embeddable":true,"href":"https:\/\/catolicanet.net\/wp-cnet\/wp-json\/wp\/v2\/tags?post=12151"}],"curies":[{"name":"wp","href":"https:\/\/api.w.org\/{rel}","templated":true}]}}