{"id":12147,"date":"2015-10-28T16:39:35","date_gmt":"2015-10-28T18:39:35","guid":{"rendered":"http:\/\/catolicanet.net\/wp-cnet\/2015\/10\/28\/vaticano-papa-manifesta-solidariedade-a-populacoes-do-paquistao-e-afeganistao\/"},"modified":"2017-05-30T14:25:33","modified_gmt":"2017-05-30T17:25:33","slug":"vaticano-papa-manifesta-solidariedade-a-populacoes-do-paquistao-e-afeganistao","status":"publish","type":"post","link":"https:\/\/catolicanet.net\/wp-cnet\/vaticano-papa-manifesta-solidariedade-a-populacoes-do-paquistao-e-afeganistao\/","title":{"rendered":"Vaticano: Papa manifesta solidariedade a popula\u00e7\u00f5es do Paquist\u00e3o e Afeganist\u00e3o"},"content":{"rendered":"<p style=\"text-align: justify;\"><img decoding=\"async\" src=\"http:\/\/catolicanet.com.br\/images\/stories\/04999529.jpg\" border=\"0\" align=\"left\" \/>O Papa manifestou hoje a sua solidariedade \u00e0s popula\u00e7\u00f5es do Paquist\u00e3o e Afeganist\u00e3o, depois do violento sismo de segunda-feira, que j\u00e1 provocou mais de 350 mortes e milhares de feridos.<\/p>\n<p>\u201cQue n\u00e3o falte a estes irm\u00e3os a nossa solidariedade concreta\u201d, pediu, num apelo feito perante milhares de pessoas reunidas na Pra\u00e7a de S\u00e3o Pedro para a audi\u00eancia p\u00fablica semanal.<\/p>\n<p>Francisco convidou os presentes a rezar pelos mortos e os seus familiares, pelos feridos e os desalojados, \u201cpedindo a Deus al\u00edvio no sofrimento e coragem na adversidade\u201d.<\/p>\n<p>\u201cEstamos pr\u00f3ximos das popula\u00e7\u00f5es do Paquist\u00e3o e do Afeganist\u00e3o, atingidas por um forte terremoto, que causou numerosas v\u00edtimas e danos significativos\u201d, assinalou.<\/p>\n<p>O sismo de segunda-feira, com epicentro no Afeganist\u00e3o, fez 363 mortos em ambos os pa\u00edses, segundo um novo balan\u00e7o.<\/p>\n<p>J\u00e1 esta ter\u00e7a-feira, o Papa Francisco tinha enviado um telegrama de pesar pelo terremoto, mostrando-se \u201cprofundamente entristecido com a not\u00edcia da tr\u00e1gica da perda de vidas no Afeganist\u00e3o e Paquist\u00e3o\u201d.<\/p>\n<p style=\"text-align: justify;\">Fonte: Ag\u00eancia Ecclesia<\/p>\n","protected":false},"excerpt":{"rendered":"<p>O Papa manifestou hoje a sua solidariedade \u00e0s popula\u00e7\u00f5es do Paquist\u00e3o e Afeganist\u00e3o, depois do violento sismo de segunda-feira, que j\u00e1 provocou mais de 350 mortes e milhares de feridos. \u201cQue n\u00e3o falte a estes irm\u00e3os a nossa solidariedade concreta\u201d, pediu, num apelo feito perante milhares de pessoas reunidas na Pra\u00e7a de S\u00e3o Pedro para [&hellip;]<\/p>\n","protected":false},"author":1,"featured_media":0,"comment_status":"open","ping_status":"open","sticky":false,"template":"","format":"standard","meta":{"footnotes":""},"categories":[3],"tags":[],"class_list":["post-12147","post","type-post","status-publish","format-standard","hentry","category-vaticano"],"_links":{"self":[{"href":"https:\/\/catolicanet.net\/wp-cnet\/wp-json\/wp\/v2\/posts\/12147","targetHints":{"allow":["GET"]}}],"collection":[{"href":"https:\/\/catolicanet.net\/wp-cnet\/wp-json\/wp\/v2\/posts"}],"about":[{"href":"https:\/\/catolicanet.net\/wp-cnet\/wp-json\/wp\/v2\/types\/post"}],"author":[{"embeddable":true,"href":"https:\/\/catolicanet.net\/wp-cnet\/wp-json\/wp\/v2\/users\/1"}],"replies":[{"embeddable":true,"href":"https:\/\/catolicanet.net\/wp-cnet\/wp-json\/wp\/v2\/comments?post=12147"}],"version-history":[{"count":1,"href":"https:\/\/catolicanet.net\/wp-cnet\/wp-json\/wp\/v2\/posts\/12147\/revisions"}],"predecessor-version":[{"id":24616,"href":"https:\/\/catolicanet.net\/wp-cnet\/wp-json\/wp\/v2\/posts\/12147\/revisions\/24616"}],"wp:attachment":[{"href":"https:\/\/catolicanet.net\/wp-cnet\/wp-json\/wp\/v2\/media?parent=12147"}],"wp:term":[{"taxonomy":"category","embeddable":true,"href":"https:\/\/catolicanet.net\/wp-cnet\/wp-json\/wp\/v2\/categories?post=12147"},{"taxonomy":"post_tag","embeddable":true,"href":"https:\/\/catolicanet.net\/wp-cnet\/wp-json\/wp\/v2\/tags?post=12147"}],"curies":[{"name":"wp","href":"https:\/\/api.w.org\/{rel}","templated":true}]}}