{"id":12144,"date":"2015-10-28T12:45:58","date_gmt":"2015-10-28T14:45:58","guid":{"rendered":"http:\/\/catolicanet.net\/wp-cnet\/2015\/10\/28\/papa-concede-indulgencia-plenaria-aos-legionarios-de-cristo\/"},"modified":"2017-06-02T11:45:43","modified_gmt":"2017-06-02T14:45:43","slug":"papa-concede-indulgencia-plenaria-aos-legionarios-de-cristo","status":"publish","type":"post","link":"https:\/\/catolicanet.net\/wp-cnet\/papa-concede-indulgencia-plenaria-aos-legionarios-de-cristo\/","title":{"rendered":"Papa concede indulg\u00eancia plen\u00e1ria aos Legion\u00e1rios de Cristo"},"content":{"rendered":"<p style=\"text-align: justify;\"><img decoding=\"async\" src=\"http:\/\/catolicanet.com.br\/images\/stories\/other1368346_articolo.jpg\" border=\"0\" align=\"left\" \/>O Papa Francisco concedeu a indulg\u00eancia plen\u00e1ria, em forma de Jubileu, aos Legion\u00e1rios de Cristo e a todos os membros do Movimento Regnum Christi durante o ano de comemora\u00e7\u00e3o do 75\u00ba Anivers\u00e1rio da Funda\u00e7\u00e3o. Este jubileu se concluir\u00e1 na solenidade do Sagrado Cora\u00e7\u00e3o do ano 2016.<\/p>\n<p>A Penitenciaria Apost\u00f3lica da Santa S\u00e9 emitiu um decreto, assinado pelo Penitencieiro-mor, o Cardeal Mauro Piacenza, em resposta ao pedido do diretor geral do Regnum Christi e da Legi\u00e3o de Cristo, Pe. Eduardo Robles-Gil, L.C.<\/p>\n<p>Os Legion\u00e1rios e os membros do Regnum Christi poder\u00e3o receber a indulg\u00eancia plen\u00e1ria na solenidade de Cristo Rei de 2015 e na solenidade do Sagrado Cora\u00e7\u00e3o de 2016, se renovarem, por devo\u00e7\u00e3o, os compromissos que os unem ao Movimento ou \u00e0 Legi\u00e3o e se rezarem pela fidelidade de sua p\u00e1tria \u00e0 voca\u00e7\u00e3o crist\u00e3, pelas voca\u00e7\u00f5es ao sacerd\u00f3cio e \u00e0 vida consagrada e pela defesa da fam\u00edlia.<\/p>\n<p>A indulg\u00eancia plen\u00e1ria \u00e9 concedida tamb\u00e9m toda vez que dedicarem um tempo suficiente \u00e0 realiza\u00e7\u00e3o de obras de miseric\u00f3rdia corporal ou espiritual, concluindo com a ora\u00e7\u00e3o do Senhor, o S\u00edmbolo da F\u00e9 e a invoca\u00e7\u00e3o a Maria, Rainha dos Ap\u00f3stolos.<\/p>\n<p>A indulg\u00eancia plen\u00e1ria \u00e9 concedida tamb\u00e9m toda vez que dedicarem um tempo suficiente a ensinar ou a aprender a doutrina crist\u00e3 ou participarem de miss\u00f5es de evangeliza\u00e7\u00e3o.<\/p>\n<p>Os Legion\u00e1rios e os outros membros do Regnum Christi, que tiverem impedimentos por causa da idade ou da sa\u00fade, poder\u00e3o obter a indulg\u00eancia unindo-se espiritualmente \u00e0s celebra\u00e7\u00f5es jubilares e \u00e0s ora\u00e7\u00f5es pela Nova Evangeliza\u00e7\u00e3o e pela instaura\u00e7\u00e3o do Reino de Cristo.<\/p>\n<p>Numa carta enviada a todos os membros, o diretor geral, Pe. Eduardo Robles-Gil, escreve: \u201cEncorajo-os a aproveitar desta gra\u00e7a que o Santo Padre nos concede, e a renovar a nossa gratid\u00e3o ao Senhor pelo dom do Movimento e por aumentar o nosso desejo de ser ap\u00f3stolos e testemunhas cr\u00edveis do Reino de Jesus Cristo\u201d.<\/p>\n<p style=\"text-align: justify;\">Fonte: R\u00e1dio Vaticano<\/p>\n","protected":false},"excerpt":{"rendered":"<p>O Papa Francisco concedeu a indulg\u00eancia plen\u00e1ria, em forma de Jubileu, aos Legion\u00e1rios de Cristo e a todos os membros do Movimento Regnum Christi durante o ano de comemora\u00e7\u00e3o do 75\u00ba Anivers\u00e1rio da Funda\u00e7\u00e3o. Este jubileu se concluir\u00e1 na solenidade do Sagrado Cora\u00e7\u00e3o do ano 2016. A Penitenciaria Apost\u00f3lica da Santa S\u00e9 emitiu um decreto, [&hellip;]<\/p>\n","protected":false},"author":1,"featured_media":0,"comment_status":"open","ping_status":"open","sticky":false,"template":"","format":"standard","meta":{"footnotes":""},"categories":[3],"tags":[],"class_list":["post-12144","post","type-post","status-publish","format-standard","hentry","category-vaticano"],"_links":{"self":[{"href":"https:\/\/catolicanet.net\/wp-cnet\/wp-json\/wp\/v2\/posts\/12144","targetHints":{"allow":["GET"]}}],"collection":[{"href":"https:\/\/catolicanet.net\/wp-cnet\/wp-json\/wp\/v2\/posts"}],"about":[{"href":"https:\/\/catolicanet.net\/wp-cnet\/wp-json\/wp\/v2\/types\/post"}],"author":[{"embeddable":true,"href":"https:\/\/catolicanet.net\/wp-cnet\/wp-json\/wp\/v2\/users\/1"}],"replies":[{"embeddable":true,"href":"https:\/\/catolicanet.net\/wp-cnet\/wp-json\/wp\/v2\/comments?post=12144"}],"version-history":[{"count":1,"href":"https:\/\/catolicanet.net\/wp-cnet\/wp-json\/wp\/v2\/posts\/12144\/revisions"}],"predecessor-version":[{"id":28298,"href":"https:\/\/catolicanet.net\/wp-cnet\/wp-json\/wp\/v2\/posts\/12144\/revisions\/28298"}],"wp:attachment":[{"href":"https:\/\/catolicanet.net\/wp-cnet\/wp-json\/wp\/v2\/media?parent=12144"}],"wp:term":[{"taxonomy":"category","embeddable":true,"href":"https:\/\/catolicanet.net\/wp-cnet\/wp-json\/wp\/v2\/categories?post=12144"},{"taxonomy":"post_tag","embeddable":true,"href":"https:\/\/catolicanet.net\/wp-cnet\/wp-json\/wp\/v2\/tags?post=12144"}],"curies":[{"name":"wp","href":"https:\/\/api.w.org\/{rel}","templated":true}]}}