{"id":12139,"date":"2015-10-28T11:57:38","date_gmt":"2015-10-28T13:57:38","guid":{"rendered":"http:\/\/catolicanet.net\/wp-cnet\/2015\/10\/28\/regional-noroeste-realiza-9o-assembleia-geral\/"},"modified":"2017-05-26T16:34:48","modified_gmt":"2017-05-26T19:34:48","slug":"regional-noroeste-realiza-9o-assembleia-geral","status":"publish","type":"post","link":"https:\/\/catolicanet.net\/wp-cnet\/regional-noroeste-realiza-9o-assembleia-geral\/","title":{"rendered":"Regional Noroeste realiza 9\u00aa Assembleia Geral"},"content":{"rendered":"<p style=\"text-align: justify;\"><img decoding=\"async\" src=\"http:\/\/catolicanet.com.br\/images\/stories\/00 assembleia_no-2015_texto.jpg\" border=\"0\" align=\"left\" \/>Noroeste (Acre, sul do Amazonas e Rond\u00f4nia)\u00a0\u00a0\u00a0 <\/p>\n<p> Ao final do encontro, foi divulgada uma carta sobre a viol\u00eancia no campo e na cidade<\/p>\n<p>Os bispos das dioceses de Rond\u00f4nia, Acre e sul do Amazonas participaram, junto com coordenadores diocesanos de pastoral, articuladores regionais das Comiss\u00f5es Episcopais de Pastoral e convidados, da 9\u00aa Assembleia Geral do Regional Noroeste da Confer\u00eancia Nacional dos Bispos do Brasil (CNBB). O encontro, realizado entre os dias 16 e 18 de outubro, em Porto Velho (RO), foi um momento de forma\u00e7\u00e3o, avalia\u00e7\u00e3o e estudo.<\/p>\n<p>Na programa\u00e7\u00e3o do evento, houve reflex\u00e3o sobre as Diretrizes Gerais da A\u00e7\u00e3o Evangelizadora (DGAE 2015-2019), partilha de experi\u00eancias das pastorais, palestra conduzida pelo bispo de Guajar\u00e1-Mirim (RO), dom Benedito Ara\u00fajo, e debates em grupos sobre o Ano da Miseric\u00f3rdia.<\/p>\n<p>A articula\u00e7\u00e3o da Rede Eclesial Pan-Amaz\u00f4nica (Repam) tamb\u00e9m foi abordada. As explica\u00e7\u00f5es sobre o trabalho deste novo organismo da Igreja foram conduzidas pela assessora da Comiss\u00e3o Episcopal para a Amaz\u00f4nia, irm\u00e3 Maria Irene Lopes dos Santos. <\/p>\n<p>O bispo de Cruzeiro do Sul (AC), dom Mos\u00e9 Jo\u00e3o Pontelo, falou sobre o Ano do Laicato, que acontecer\u00e1 no regional.<br \/>Carta<\/p>\n<p>Ao final da assembleia, foi aprovada uma carta do regional. O texto aborda a preocupa\u00e7\u00e3o de bispos, leigos e leigas, religiosos e religiosas e organismos com a situa\u00e7\u00e3o de viol\u00eancia no campo e na cidade. \u201cManifestamos nossa preocupa\u00e7\u00e3o e indigna\u00e7\u00e3o, diante de uma corrup\u00e7\u00e3o institucionalizada que faz perder os referenciais da justi\u00e7a e o verdadeiro exerc\u00edcio do poder e muitos focos de viol\u00eancia e impunidade instalam-se tanto no campo como na cidade, e que vitimizam os mais pobres e enfraquecidos\u201d, diz o texto.<\/p>\n<p>A carta recorda, ainda, o Ano da Paz que, durante a Assembleia, foi comemorado com uma celebra\u00e7\u00e3o da Luz, na par\u00f3quia Nossa Senhora de F\u00e1tima, sede do evento. <\/p>\n<p>Confira o texto na \u00edntegra.<\/p>\n<p>CARTA DO REGIONAL NOROESTE DIANTE DA VIOL\u00caNCIA NO CAMPO E NA CIDADE <\/p>\n<p>\u201cLouvado sejas, meu Senhor, pela nossa irm\u00e3, a m\u00e3e terra, <br \/>que nos sustenta e governa e produz variados frutos com flores <br \/>coloridas e verduras\u201d (C\u00e2ntico das criaturas de S\u00e3o Francisco de Assis).<\/p>\n<p>Reunidos na 9\u00aa Assembleia Geral do Regional Noroeste da CNBB, de 16 a 18 de outubro de 2015, em Porto Velho RO, n\u00f3s, bispos, leigos\/as, religiosos\/as e organismos do Regional, dirigimos esta mensagem de preocupa\u00e7\u00e3o e de esperan\u00e7a a todo o Povo de Deus que est\u00e1 presente nas Dioceses de Rond\u00f4nia, Acre e Sul do Amazonas.<\/p>\n<p>Manifestamos nossa preocupa\u00e7\u00e3o e indigna\u00e7\u00e3o, diante de uma corrup\u00e7\u00e3o institucionalizada que faz perder os referenciais da justi\u00e7a e o verdadeiro exerc\u00edcio do poder e muitos focos de viol\u00eancia e impunidade instalam-se tanto no campo como na cidade, e que vitimizam os mais pobres e enfraquecidos.<\/p>\n<p>Repudiamos a impunidade e a cultura da viol\u00eancia com a popula\u00e7\u00e3o de forma geral e a que se instala nos Pres\u00eddios, nas Casas de Deten\u00e7\u00e3o e nas Unidades de Interna\u00e7\u00e3o ao Adolescente.<\/p>\n<p>E, nesse contexto, n\u00e3o podemos esquecer em mencionar as amea\u00e7as de viol\u00eancia \u00e0 popula\u00e7\u00e3o do campo e aos agentes da Comiss\u00e3o Pastoral da Terra \u2013 CPT, aos ind\u00edgenas e aos indigenistas e seus respectivos \u00f3rg\u00e3os, como o Conselho Indigenista Mission\u00e1rio \u2013 CIMI, \u00e0s organiza\u00e7\u00f5es dos povos ind\u00edgenas da Amaz\u00f4nia e outras entidades comprometidas com a dignidade, a paz e a justi\u00e7a.<\/p>\n<p>Procuramos em muitos momentos buscar as raz\u00f5es para compreender esse contexto em que as pol\u00edticas n\u00e3o est\u00e3o comprometidas com o bem-estar da popula\u00e7\u00e3o menos favorecida. A vida \u00e9 um dom a ser vivido como \u00fanico e o ambiente compreendido como nossa \u00a8casa comum\u00a8 (Campanha da Fraternidade Ecum\u00eanica\/2016), s\u00e3o valores que precisam ser defendidos por todos.<\/p>\n<p>Diante dessa realidade, afirmamos com o Papa Francisco: \u201cos \u00eddolos do dom\u00ednio e do poder deterioram as rela\u00e7\u00f5es, arru\u00ednam a harmonia a ser constru\u00edda com humildade servi\u00e7al e disposi\u00e7\u00e3o maternal. Os conflitos, a viol\u00eancia, a indiferen\u00e7a diante da morte, nascem do fasc\u00ednio do dom\u00ednio e do poder\u201d (cf. Papa Francisco, Vig\u00edlia de Ora\u00e7\u00e3o pela Paz, 07\u221509\/14).<\/p>\n<p>Ainda em tempo dentro do Ano da Paz que n\u00e3o se encerra no dia 25 de dezembro, mas deve abrir fendas na onda de viol\u00eancia que se manifesta na morte de tantas pessoas, nos lares em conflito, na corrup\u00e7\u00e3o, na agressividade do tr\u00e2nsito, na impossibilidade de di\u00e1logo nas diferen\u00e7as, at\u00e9 mesmo religiosas.<\/p>\n<p>\u201c\u00c9 poss\u00edvel percorrer o caminho da paz? Podemos sair desta espiral de dor e de morte? Podemos aprender de novo a caminhar e percorrer o caminho da paz? Sim, \u00e9 poss\u00edvel para todos!\u201d (Papa Francisco, Vig\u00edlia de ora\u00e7\u00e3o pela paz, 07\u221509\/14).<\/p>\n<p>Nosso grito de indigna\u00e7\u00e3o quer chegara todos os recantos de nossas comunidades e dioceses para que juntos possamos garantir que todos tenham vida e vida em abund\u00e2ncia (cf.Jo,10,10).<\/p>\n<p>Porto Velho, 18 de outubro de 2015.<\/p>\n<p>Dia Mundial das Miss\u00f5es!<\/p>\n<p>Fonte: CNBB<\/p>\n","protected":false},"excerpt":{"rendered":"<p>Noroeste (Acre, sul do Amazonas e Rond\u00f4nia)\u00a0\u00a0\u00a0 Ao final do encontro, foi divulgada uma carta sobre a viol\u00eancia no campo e na cidade Os bispos das dioceses de Rond\u00f4nia, Acre e sul do Amazonas participaram, junto com coordenadores diocesanos de pastoral, articuladores regionais das Comiss\u00f5es Episcopais de Pastoral e convidados, da 9\u00aa Assembleia Geral do [&hellip;]<\/p>\n","protected":false},"author":1,"featured_media":0,"comment_status":"open","ping_status":"open","sticky":false,"template":"","format":"standard","meta":{"footnotes":""},"categories":[7],"tags":[],"class_list":["post-12139","post","type-post","status-publish","format-standard","hentry","category-cnbb"],"_links":{"self":[{"href":"https:\/\/catolicanet.net\/wp-cnet\/wp-json\/wp\/v2\/posts\/12139","targetHints":{"allow":["GET"]}}],"collection":[{"href":"https:\/\/catolicanet.net\/wp-cnet\/wp-json\/wp\/v2\/posts"}],"about":[{"href":"https:\/\/catolicanet.net\/wp-cnet\/wp-json\/wp\/v2\/types\/post"}],"author":[{"embeddable":true,"href":"https:\/\/catolicanet.net\/wp-cnet\/wp-json\/wp\/v2\/users\/1"}],"replies":[{"embeddable":true,"href":"https:\/\/catolicanet.net\/wp-cnet\/wp-json\/wp\/v2\/comments?post=12139"}],"version-history":[{"count":1,"href":"https:\/\/catolicanet.net\/wp-cnet\/wp-json\/wp\/v2\/posts\/12139\/revisions"}],"predecessor-version":[{"id":24040,"href":"https:\/\/catolicanet.net\/wp-cnet\/wp-json\/wp\/v2\/posts\/12139\/revisions\/24040"}],"wp:attachment":[{"href":"https:\/\/catolicanet.net\/wp-cnet\/wp-json\/wp\/v2\/media?parent=12139"}],"wp:term":[{"taxonomy":"category","embeddable":true,"href":"https:\/\/catolicanet.net\/wp-cnet\/wp-json\/wp\/v2\/categories?post=12139"},{"taxonomy":"post_tag","embeddable":true,"href":"https:\/\/catolicanet.net\/wp-cnet\/wp-json\/wp\/v2\/tags?post=12139"}],"curies":[{"name":"wp","href":"https:\/\/api.w.org\/{rel}","templated":true}]}}