{"id":12129,"date":"2015-10-27T15:34:36","date_gmt":"2015-10-27T17:34:36","guid":{"rendered":"http:\/\/catolicanet.net\/wp-cnet\/2015\/10\/27\/papa-povo-cigano-deve-iniciar-uma-nova-historia\/"},"modified":"2017-05-30T14:27:20","modified_gmt":"2017-05-30T17:27:20","slug":"papa-povo-cigano-deve-iniciar-uma-nova-historia","status":"publish","type":"post","link":"https:\/\/catolicanet.net\/wp-cnet\/papa-povo-cigano-deve-iniciar-uma-nova-historia\/","title":{"rendered":"Papa: povo cigano deve iniciar uma nova hist\u00f3ria"},"content":{"rendered":"<p style=\"text-align: justify;\"><img decoding=\"async\" src=\"http:\/\/catolicanet.com.br\/images\/stories\/afp4658970_articolo.jpg\" border=\"0\" align=\"left\" \/> \u201cChegou a hora de virar p\u00e1gina e desarraigar preconceitos seculares\u201d: esta foi a exorta\u00e7\u00e3o que o Papa Francisco fez esta segunda-feira (26\/10), na Sala Paulo VI, diante de mais de 7 mil participantes da peregrina\u00e7\u00e3o mundial do povo cigano.<\/p>\n<p>O evento, em andamento desde o dia 23, \u00e9 promovido pelo Pontif\u00edcio Conselho da Pastoral para os Migrantes e os Itinerantes para celebrar os 50 anos da visita de Paulo VI ao campo n\u00f4made de Pomezia (26 de setembro de 1965).<\/p>\n<p>Em seu discurso, o Papa se diz consciente das dificuldades pelas quais passam os ciganos. \u201cVisitando algumas par\u00f3quias romanas, nas periferias da cidade, tive modo de sentir seus problemas, inquieta\u00e7\u00f5es, e constatei que interpelam n\u00e3o somente a Igreja, mas tamb\u00e9m as autoridades locais.\u201d<\/p>\n<p>Francisco citou as condi\u00e7\u00f5es prec\u00e1rias em que vivem muitos dos povos n\u00f4mades, o que fere o direito de cada pessoa a uma vida digna, com trabalho instru\u00e7\u00e3o e sa\u00fade. \u201cN\u00e3o queremos mais assistir a trag\u00e9dias familiares, em que crian\u00e7as morrem de frio ou entre as chamas, ou se tornam objeto em m\u00e3os a pessoas depravadas, jovens e mulheres envolvidos no tr\u00e1fico de droga ou de seres humanos. E isso porque muitas vezes ca\u00edmos na indiferen\u00e7a e na incapacidade de aceitar costumes e modos de vida diferentes do nosso.\u201d<\/p>\n<p>Nova hist\u00f3ria<\/p>\n<p>Para o Pont\u00edfice, chegou a hora de o povo cigano dar in\u00edcio a uma nova hist\u00f3ria, \u201cde virar p\u00e1gina\u201d e desarraigar preconceitos seculares e desconfian\u00e7as que est\u00e3o na base da discrimina\u00e7\u00e3o, do racismo e da xenofobia. \u201cNingu\u00e9m deve se sentir isolado e autorizado a espezinhar a dignidade e os direitos dos outros\u201d, acrescentou o Papa, encorajando em primeiros lugar os pr\u00f3prios n\u00f4mades a constru\u00edrem periferias mais humanas, evitando tudo o que n\u00e3o \u00e9 digno do cristianismo: falsidades, fraudes, enrascadas e lit\u00edgios. E prop\u00f4s como exemplo a vida do Beato cigano Zeferino Gim\u00e9nez Malla.<\/p>\n<p>\u201cQueridos amigos, n\u00e3o deem aos meios de comunica\u00e7\u00e3o a \u00e0 opini\u00e3o p\u00fablica ocasi\u00e3o para falar mal de voc\u00eas\u201d, exortou ainda Francisco, recordando-lhes que s\u00e3o os protagonistas de seu presente e de seu futuro. Para isso, constatou o Papa, \u00e9 preciso investir na educa\u00e7\u00e3o das crian\u00e7as, advertindo para o baixo n\u00edvel de escolariza\u00e7\u00e3o dos jovens. \u201cSeus filhos t\u00eam direito a ir \u00e0 escola, n\u00e3o os impe\u00e7am\u201d, pediu o Pont\u00edfice.<\/p>\n<p>Recordando o afeto dos seus antecessores S. Jo\u00e3o Paulo II e Bento XVI pelo povo cigano, Francisco concluiu seu discurso com as palavras de Paulo VI: \u201cVoc\u00eas n\u00e3o est\u00e3o \u00e0 margem da Igreja, mas, sob certos aspectos, voc\u00eas est\u00e3o no centro, no cora\u00e7\u00e3o\u201d.<\/p>\n<p>CNBB<\/p>\n<p>A Pastoral dos N\u00f4mades da Confer\u00eancia Nacional dos Bispos do Brasil (CNBB) tamb\u00e9m participa da peregrina\u00e7\u00e3o mundial.<\/p>\n<p>A Pastoral est\u00e1 representada pelo seu Bispo referencial, Dom Jos\u00e9 Edson Santana Oliveira (Eun\u00e1polis \u2013 BA), pelo Secret\u00e1rio-executivo, Padre Wallace do Carmo Zanon, e por 15 ciganos da Bahia, de S\u00e3o Paulo, do Esp\u00edrito Santo e do Rio Grande do Sul. (BF)<\/p>\n<p style=\"text-align: justify;\">Fonte: R\u00e1dio Vaticano<\/p>\n","protected":false},"excerpt":{"rendered":"<p>\u201cChegou a hora de virar p\u00e1gina e desarraigar preconceitos seculares\u201d: esta foi a exorta\u00e7\u00e3o que o Papa Francisco fez esta segunda-feira (26\/10), na Sala Paulo VI, diante de mais de 7 mil participantes da peregrina\u00e7\u00e3o mundial do povo cigano. O evento, em andamento desde o dia 23, \u00e9 promovido pelo Pontif\u00edcio Conselho da Pastoral para [&hellip;]<\/p>\n","protected":false},"author":1,"featured_media":0,"comment_status":"open","ping_status":"open","sticky":false,"template":"","format":"standard","meta":{"footnotes":""},"categories":[3],"tags":[],"class_list":["post-12129","post","type-post","status-publish","format-standard","hentry","category-vaticano"],"_links":{"self":[{"href":"https:\/\/catolicanet.net\/wp-cnet\/wp-json\/wp\/v2\/posts\/12129","targetHints":{"allow":["GET"]}}],"collection":[{"href":"https:\/\/catolicanet.net\/wp-cnet\/wp-json\/wp\/v2\/posts"}],"about":[{"href":"https:\/\/catolicanet.net\/wp-cnet\/wp-json\/wp\/v2\/types\/post"}],"author":[{"embeddable":true,"href":"https:\/\/catolicanet.net\/wp-cnet\/wp-json\/wp\/v2\/users\/1"}],"replies":[{"embeddable":true,"href":"https:\/\/catolicanet.net\/wp-cnet\/wp-json\/wp\/v2\/comments?post=12129"}],"version-history":[{"count":1,"href":"https:\/\/catolicanet.net\/wp-cnet\/wp-json\/wp\/v2\/posts\/12129\/revisions"}],"predecessor-version":[{"id":24619,"href":"https:\/\/catolicanet.net\/wp-cnet\/wp-json\/wp\/v2\/posts\/12129\/revisions\/24619"}],"wp:attachment":[{"href":"https:\/\/catolicanet.net\/wp-cnet\/wp-json\/wp\/v2\/media?parent=12129"}],"wp:term":[{"taxonomy":"category","embeddable":true,"href":"https:\/\/catolicanet.net\/wp-cnet\/wp-json\/wp\/v2\/categories?post=12129"},{"taxonomy":"post_tag","embeddable":true,"href":"https:\/\/catolicanet.net\/wp-cnet\/wp-json\/wp\/v2\/tags?post=12129"}],"curies":[{"name":"wp","href":"https:\/\/api.w.org\/{rel}","templated":true}]}}