{"id":12127,"date":"2015-10-27T13:41:13","date_gmt":"2015-10-27T15:41:13","guid":{"rendered":"http:\/\/catolicanet.net\/wp-cnet\/2015\/10\/27\/clamor-da-violencia-supera-oracao-pela-paz-diz-papa\/"},"modified":"2017-06-02T10:04:33","modified_gmt":"2017-06-02T13:04:33","slug":"clamor-da-violencia-supera-oracao-pela-paz-diz-papa","status":"publish","type":"post","link":"https:\/\/catolicanet.net\/wp-cnet\/clamor-da-violencia-supera-oracao-pela-paz-diz-papa\/","title":{"rendered":"Clamor da viol\u00eancia supera ora\u00e7\u00e3o pela paz, diz Papa"},"content":{"rendered":"<p style=\"text-align: justify;\"><img decoding=\"async\" src=\"http:\/\/catolicanet.com.br\/images\/stories\/ap3119739_articolo.jpg\" border=\"0\" align=\"left\" \/>Flores aos mortos no recente atentado na Turquia &#8211; AP<\/p>\n<p style=\"text-align: justify;\"> Com o encerramento do S\u00ednodo, o Papa Francisco retomou seus compromissos no Vaticano. A primeira audi\u00eancia desta segunda-feira (26\/10) foi aos membros do S\u00ednodo da Igreja Caldeia, que teve in\u00edcio no \u00faltimo s\u00e1bado (24\/10).<\/p>\n<p>Ao saudar o Patriarca Louis Rapha\u00ebl I Sako, o Pont\u00edfice estendeu sua sauda\u00e7\u00e3o aos fi\u00e9is e a todos os habitantes do Iraque e da S\u00edria, \u201cnum per\u00edodo particularmente sofrido e delicado. Possa a miseric\u00f3rdia de Deus, na imin\u00eancia do Ano Jubilar, lenir as feridas da guerra que causam chagas no cora\u00e7\u00e3o de sua comunidade, para que ningu\u00e9m se desencoraje neste momento, em que os clamores da viol\u00eancia parecem superar as ora\u00e7\u00f5es pela paz\u201d.<\/p>\n<p>Para Francisco, a situa\u00e7\u00e3o regional est\u00e1 gravemente comprometida pelo \u00f3dio fan\u00e1tico que continua a provocar uma \u201cforte hemorragia\u201d de fi\u00e9is, com in\u00fameros exemplos de persegui\u00e7\u00e3o, levando at\u00e9 mesmo ao mart\u00edrio. Diante desta situa\u00e7\u00e3o, o Papa confirma todo o apoio e a solidariedade da S\u00e9 Apost\u00f3lica a favor do bem comum de toda a Igreja Caldeia. \u201cRezo para que os crist\u00e3os n\u00e3o sejam obrigados a abandonar o Iraque e o Oriente M\u00e9dio.\u201d<\/p>\n<p>\u00c0 comunidade internacional, Francisco renovou o apelo para que saiba adotar todas as estrat\u00e9gias v\u00e1lidas a fim de promover a paz em pa\u00edses devastados pelo \u00f3dio.<\/p>\n<p>Bom Pastor<\/p>\n<p>Quanto ao S\u00ednodo da Igreja Caldeia, o Papa faz votos de que seja vivido com sentido de responsabilidade, de participa\u00e7\u00e3o e de servi\u00e7o, tendo sempre presente a imagem do Bom Pastor.<\/p>\n<p>\u201cAssim, conseguir\u00e3o diminuir as dist\u00e2ncias que separam e discernir as respostas \u00e0s urg\u00eancias atuais da Igreja Caldeia, seja na madre p\u00e1tria, seja na di\u00e1spora. Deste modo, as reflex\u00f5es que emergir\u00e3o poder\u00e3o oferecer solu\u00e7\u00f5es prof\u00edcuas \u00e0s suas exig\u00eancias atuais e ocasi\u00f5es de converg\u00eancia para a resolu\u00e7\u00e3o de problem\u00e1ticas lit\u00fargicas e de ordem geral\u201d, concluiu o Pont\u00edfice.<\/p>\n<p>S\u00ednodo da Igreja Caldeia<\/p>\n<p>A Assembleia sinodal da Igreja Caldeia se realizar\u00e1 em Roma at\u00e9 o dia 29 de outubro. Foram convocados 21 Bispos \u00e0 frente das dioceses caldeias presentes em territ\u00f3rio iraquiano, no Oriente M\u00e9dio e na di\u00e1spora.<\/p>\n<p>O S\u00ednodo havia sido convocado precedentemente em 22 de setembro em Ankawa, sub\u00farbio de Irbil, habitado em sua maioria por crist\u00e3os, onde est\u00e3o abrigados tamb\u00e9m boa parte dos refugiados da Plan\u00edcie de N\u00ednive em fuga do Estado Isl\u00e2mico. Depois, a Assembleia sinodal foi adiada e convocada posteriormente em Roma, tamb\u00e9m para facilitar a viagem dos Bispos provenientes dos Estados Unidos, do Canad\u00e1 e da Austr\u00e1lia. O Patriarca Louis Raphael I j\u00e1 se encontrava em Roma, onde participou do S\u00ednodo sobre a fam\u00edlia.<\/p>\n<p style=\"text-align: justify;\">Fonte: R\u00e1dio Vaticano<\/p>\n","protected":false},"excerpt":{"rendered":"<p>Flores aos mortos no recente atentado na Turquia &#8211; AP Com o encerramento do S\u00ednodo, o Papa Francisco retomou seus compromissos no Vaticano. A primeira audi\u00eancia desta segunda-feira (26\/10) foi aos membros do S\u00ednodo da Igreja Caldeia, que teve in\u00edcio no \u00faltimo s\u00e1bado (24\/10). Ao saudar o Patriarca Louis Rapha\u00ebl I Sako, o Pont\u00edfice estendeu [&hellip;]<\/p>\n","protected":false},"author":1,"featured_media":0,"comment_status":"open","ping_status":"open","sticky":false,"template":"","format":"standard","meta":{"footnotes":""},"categories":[3],"tags":[],"class_list":["post-12127","post","type-post","status-publish","format-standard","hentry","category-vaticano"],"_links":{"self":[{"href":"https:\/\/catolicanet.net\/wp-cnet\/wp-json\/wp\/v2\/posts\/12127","targetHints":{"allow":["GET"]}}],"collection":[{"href":"https:\/\/catolicanet.net\/wp-cnet\/wp-json\/wp\/v2\/posts"}],"about":[{"href":"https:\/\/catolicanet.net\/wp-cnet\/wp-json\/wp\/v2\/types\/post"}],"author":[{"embeddable":true,"href":"https:\/\/catolicanet.net\/wp-cnet\/wp-json\/wp\/v2\/users\/1"}],"replies":[{"embeddable":true,"href":"https:\/\/catolicanet.net\/wp-cnet\/wp-json\/wp\/v2\/comments?post=12127"}],"version-history":[{"count":1,"href":"https:\/\/catolicanet.net\/wp-cnet\/wp-json\/wp\/v2\/posts\/12127\/revisions"}],"predecessor-version":[{"id":27794,"href":"https:\/\/catolicanet.net\/wp-cnet\/wp-json\/wp\/v2\/posts\/12127\/revisions\/27794"}],"wp:attachment":[{"href":"https:\/\/catolicanet.net\/wp-cnet\/wp-json\/wp\/v2\/media?parent=12127"}],"wp:term":[{"taxonomy":"category","embeddable":true,"href":"https:\/\/catolicanet.net\/wp-cnet\/wp-json\/wp\/v2\/categories?post=12127"},{"taxonomy":"post_tag","embeddable":true,"href":"https:\/\/catolicanet.net\/wp-cnet\/wp-json\/wp\/v2\/tags?post=12127"}],"curies":[{"name":"wp","href":"https:\/\/api.w.org\/{rel}","templated":true}]}}