{"id":12125,"date":"2015-10-27T13:09:46","date_gmt":"2015-10-27T15:09:46","guid":{"rendered":"http:\/\/catolicanet.net\/wp-cnet\/2015\/10\/27\/conselho-de-seminaristas-do-mato-grosso-avalia-semana-missionaria\/"},"modified":"2017-05-31T14:47:25","modified_gmt":"2017-05-31T17:47:25","slug":"conselho-de-seminaristas-do-mato-grosso-avalia-semana-missionaria","status":"publish","type":"post","link":"https:\/\/catolicanet.net\/wp-cnet\/conselho-de-seminaristas-do-mato-grosso-avalia-semana-missionaria\/","title":{"rendered":"Conselho de Seminaristas do Mato Grosso avalia Semana Mission\u00e1ria"},"content":{"rendered":"<p style=\"text-align: justify;\"><img decoding=\"async\" src=\"http:\/\/catolicanet.com.br\/images\/stories\/000 a a a acomise capa55681_o.jpg\" border=\"0\" align=\"left\" \/>Foi verdadeiro sucesso a I Semana Mission\u00e1ria promovida pelo Conselho Mission\u00e1rio de Seminaristas (Comise) do Regional Oeste 2 da CNBB, em Mato Grosso. Os quatro dias de atividades, 19 a 22 de outubro, na Faculdade Studium Eclesi\u00e1stico Dom Aquino Corr\u00eaa (SEDAC), em V\u00e1rzea Grande, tiveram como tema: \u201cIgreja em Mato Grosso: Terra de Miss\u00e3o\u201d.<\/p>\n<p>O principal objetivo era o de fomentar o ardor mission\u00e1rio principalmente nos seminaristas do Regional e incentivar a\u00e7\u00f5es para uma Igreja em sa\u00edda.<\/p>\n<p><img decoding=\"async\" src=\"http:\/\/catolicanet.com.br\/images\/stories\/000 a a a acomise333_o.jpg\" border=\"0\" align=\"right\" \/>Durante a semana os seminaristas e leigos participaram da ora\u00e7\u00e3o do ter\u00e7o mission\u00e1rio; exposi\u00e7\u00e3o de uma galeria de fotos retratando o hist\u00f3rico da Igreja em Mato Grosso; roda de conversas com o testemunho de religiosos e religiosas pioneiros nas terras mato-grossenses; tarde de espiritualidade; discuss\u00f5es acerca dos desafios mission\u00e1rios do Regional Oeste 2 entre outros momentos.<\/p>\n<p>Participaram do evento mais de 100 seminaristas de oito dioceses e uma prelazia, que estudam na Faculdade Studium Eclesi\u00e1stico Dom Aquino Corr\u00eaa (SEDAC), al\u00e9m de religiosos e leigos. Dom Ant\u00f4nio Em\u00eddio Vilar, bispo da diocese de C\u00e1ceres, diretor espiritual do Comise no Mato Grosso tamb\u00e9m participou incentivando iniciativas de forma\u00e7\u00e3o e anima\u00e7\u00e3o mission\u00e1ria entre os seminaristas.<\/p>\n<p><img decoding=\"async\" src=\"http:\/\/catolicanet.com.br\/images\/stories\/000 a a a acomise ia 01.jpg\" border=\"0\" align=\"left\" \/>Na tarde da quinta-feira, 22, organizados em pequenos grupos os seminaristas e demais participantes da Semana foram \u00e0 pratica da miss\u00e3o. Eles visitaram o Hospital do C\u00e2ncer do estado de Mato Grosso, o Pres\u00eddio Feminino de V\u00e1rzea Grande, a Escola Estadual Dom Bosco e a Pastoral do Migrante. O coordenador do Comise do Regional, o seminarista Erivelton Postil disse que \u201ca Semana apresentou a realidade da miss\u00e3o e ao mesmo tempo despertou nos seminaristas o desejo de doar as suas vidas por amor a Cristo se comprometendo com o mandato de Jesus, \u201cIde pelo mundo e anunciai o Evangelho a toda criatura\u201d.<\/p>\n<p>O secret\u00e1rio nacional da Pontif\u00edcia Uni\u00e3o Mission\u00e1ria, padre Jaime C. Patias, imc, refletiu sobre o <img decoding=\"async\" src=\"http:\/\/catolicanet.com.br\/images\/stories\/000 a a a acomisej.jpg\" border=\"0\" align=\"right\" \/>presb\u00edtero mission\u00e1rio para uma Igreja em sa\u00edda, destacando \u201cque precisamos ter consci\u00eancia da import\u00e2ncia de um sacerd\u00f3cio para todos os povos, com vis\u00e3o universal e em constante sa\u00edda\u201d. Segundo padre Patias, \u201ca miss\u00e3o vem de Deus porque Deus \u00e9 amor, um amor que n\u00e3o se cont\u00e9m, que transborda, que se comunica, que sai de si. O pr\u00f3prio Deus se auto-envia pela miss\u00e3o do Filho e do Esp\u00edrito, atrav\u00e9s dos quais o pr\u00f3prio Pai se revela como amor\u201d. Nesse sentido, afirmou o padre, \u201cn\u00e3o podemos esquecer da dimens\u00e3o universal da miss\u00e3o. \u201cAo atender a pastoral nas comunidades bem constitu\u00eddas temos o dever de sair para alcan\u00e7ar os desafios da nova Evangeliza\u00e7\u00e3o incluindo a miss\u00e3o ad gentes al\u00e9m-fronteiras, sem a qual, a pr\u00f3pria identidade da Igreja cat\u00f3lica fica privada de seu significado\u201d.<\/p>\n<p>Padre Edson Sestari, reitor da Faculdade SEDAC, destacou pontos importantes escritos pelo papa Francisco na Evangelli Gaudium: \u201ca miss\u00e3o \u00e9 uma paix\u00e3o por Jesus e simultaneamente uma paix\u00e3o pelo seu povo. Quando paramos diante de Jesus crucificado, reconhecemos todo o seu amor que nos dignifica e sustenta\u201d, enfatizou o reitor e complementou, \u201ceste olhar de Jesus, se alonga e se dirige, cheio de afeto e ardor, a todo o seu povo\u201d.<\/p>\n<p style=\"text-align: justify;\">Fonte: POM<\/p>\n","protected":false},"excerpt":{"rendered":"<p>Foi verdadeiro sucesso a I Semana Mission\u00e1ria promovida pelo Conselho Mission\u00e1rio de Seminaristas (Comise) do Regional Oeste 2 da CNBB, em Mato Grosso. Os quatro dias de atividades, 19 a 22 de outubro, na Faculdade Studium Eclesi\u00e1stico Dom Aquino Corr\u00eaa (SEDAC), em V\u00e1rzea Grande, tiveram como tema: \u201cIgreja em Mato Grosso: Terra de Miss\u00e3o\u201d. O [&hellip;]<\/p>\n","protected":false},"author":1,"featured_media":0,"comment_status":"open","ping_status":"open","sticky":false,"template":"","format":"standard","meta":{"footnotes":""},"categories":[4],"tags":[],"class_list":["post-12125","post","type-post","status-publish","format-standard","hentry","category-cotidiano"],"_links":{"self":[{"href":"https:\/\/catolicanet.net\/wp-cnet\/wp-json\/wp\/v2\/posts\/12125","targetHints":{"allow":["GET"]}}],"collection":[{"href":"https:\/\/catolicanet.net\/wp-cnet\/wp-json\/wp\/v2\/posts"}],"about":[{"href":"https:\/\/catolicanet.net\/wp-cnet\/wp-json\/wp\/v2\/types\/post"}],"author":[{"embeddable":true,"href":"https:\/\/catolicanet.net\/wp-cnet\/wp-json\/wp\/v2\/users\/1"}],"replies":[{"embeddable":true,"href":"https:\/\/catolicanet.net\/wp-cnet\/wp-json\/wp\/v2\/comments?post=12125"}],"version-history":[{"count":1,"href":"https:\/\/catolicanet.net\/wp-cnet\/wp-json\/wp\/v2\/posts\/12125\/revisions"}],"predecessor-version":[{"id":26816,"href":"https:\/\/catolicanet.net\/wp-cnet\/wp-json\/wp\/v2\/posts\/12125\/revisions\/26816"}],"wp:attachment":[{"href":"https:\/\/catolicanet.net\/wp-cnet\/wp-json\/wp\/v2\/media?parent=12125"}],"wp:term":[{"taxonomy":"category","embeddable":true,"href":"https:\/\/catolicanet.net\/wp-cnet\/wp-json\/wp\/v2\/categories?post=12125"},{"taxonomy":"post_tag","embeddable":true,"href":"https:\/\/catolicanet.net\/wp-cnet\/wp-json\/wp\/v2\/tags?post=12125"}],"curies":[{"name":"wp","href":"https:\/\/api.w.org\/{rel}","templated":true}]}}