{"id":12121,"date":"2015-10-27T12:36:18","date_gmt":"2015-10-27T14:36:18","guid":{"rendered":"http:\/\/catolicanet.net\/wp-cnet\/2015\/10\/27\/conferencias-episcopais-lancam-apelo-a-cop21-para-que-aprove-um-acordo-climatico-justo\/"},"modified":"2017-05-26T16:49:43","modified_gmt":"2017-05-26T19:49:43","slug":"conferencias-episcopais-lancam-apelo-a-cop21-para-que-aprove-um-acordo-climatico-justo","status":"publish","type":"post","link":"https:\/\/catolicanet.net\/wp-cnet\/conferencias-episcopais-lancam-apelo-a-cop21-para-que-aprove-um-acordo-climatico-justo\/","title":{"rendered":"Confer\u00eancias Episcopais lan\u00e7am apelo \u00e0 COP21 para que aprove um acordo clim\u00e1tico justo"},"content":{"rendered":"<p style=\"text-align: justify;\"><img decoding=\"async\" src=\"http:\/\/catolicanet.com.br\/images\/stories\/cop21_.jpg\" border=\"0\" align=\"left\" \/>A 21\u00aa Confer\u00eancia das Partes da Conven\u00e7\u00e3o das Na\u00e7\u00f5es Unidas sobre Mudan\u00e7a do Clima iniciar\u00e1 dia 30 de novembro, em Paris<\/p>\n<p>\u201cApelo \u00e0s partes negociadoras da COP 21\u201d \u00e9 t\u00edtulo do texto assinado por cardeais, patriarcas e bispos de diversas parte do mundo, enviado aos representantes de 195 pa\u00edses, reunidos em Bonn (Alemanha), desde sexta-feira, 23. As Confer\u00eancias Episcopais pedem aos negociadores da\u00a0 21\u00aa Confer\u00eancia das Partes da Conven\u00e7\u00e3o das Na\u00e7\u00f5es Unidas sobre Mudan\u00e7a do Clima (COP21) para que \u201cse esforcem em aprovar um acordo clim\u00e1tico justo, juridicamente vinculativo e autenticamente transformativo\u201d. <\/p>\n<p>No texto, as lideran\u00e7as religiosas apresentam dez apelos, elaborados &#8220;a partir da experi\u00eancia concreta de pessoas de todos os continentes&#8221; e que estabelecem &#8220;um elo entre as altera\u00e7\u00f5es clim\u00e1ticas e a injusti\u00e7a social e exclus\u00e3o social dos cidad\u00e3os mais pobres e mais vulner\u00e1veis&#8221;.<\/p>\n<p>A mensagem cont\u00e9m trechos da Enc\u00edclica do papa Francisco, \u201cLaudato Si&#8217; \u2013 sobre o cuidado da casa comum\u201d, que alerta sobre a necessidade de \u201cuma educa\u00e7\u00e3o e uma consci\u00eancia ecol\u00f3gica s\u00e9rias\u201d.<\/p>\n<p>A COP21 ocorrer\u00e1 entre 30 de novembro e 11 de dezembro, em Paris, na Fran\u00e7a. <\/p>\n<p>Confira a \u00edntegra o texto:<\/p>\n<p>APELO \u00c0S PARTES NEGOCIADORAS DA COP 21<\/p>\n<p>O seguinte apelo foi lan\u00e7ado por Cardeais, Patriarcas e Bispos de todo o mundo em representa\u00e7\u00e3o das associa\u00e7\u00f5es continentais de Confer\u00eancias Episcopais nacionais. \u00c9 dirigido aos negociadores da COP 21 em Paris e exorta-os a que se esforcem por aprovar um acordo clim\u00e1tico justo, juridicamente vinculativo e autenticamente transformativo.<\/p>\n<p>Representando a Igreja Cat\u00f3lica dos cinco continentes, n\u00f3s, Cardeais, Patriarcas e Bispos, juntamo-nos para expressar, em nosso pr\u00f3prio nome e em nome das popula\u00e7\u00f5es ao nosso cuidado, a esperan\u00e7a muito difusa de que um acordo clim\u00e1tico justo e juridicamente vinculativo ser\u00e1 alcan\u00e7ado nas negocia\u00e7\u00f5es da COP 21, em Paris. Apresentamos uma proposta de linhas de orienta\u00e7\u00e3o com dez pontos, a partir da experi\u00eancia concreta de pessoas de todos os continentes, e estabelecendo um elo entre as altera\u00e7\u00f5es clim\u00e1ticas e a injusti\u00e7a social e exclus\u00e3o social dos nossos cidad\u00e3os mais pobres e mais vulner\u00e1veis.<\/p>\n<p>Altera\u00e7\u00f5es Clim\u00e1ticas: desafios e oportunidades<\/p>\n<p>Na sua carta enc\u00edclica, Laudato Si\u2019 (LS), dirigida \u2018a cada pessoa que habita neste planeta\u2019 (LS 3), o Papa Francisco sustenta que \u2018as mudan\u00e7as clim\u00e1ticas constituem atualmente um dos principais desafios para a humanidade\u2019 (LS 25). O clima \u00e9 um bem comum, que pertence a todos e a todos se destina (LS 23). \u2018O meio ambiente \u00e9 um bem coletivo, patrim\u00f4nio de toda a humanidade e responsabilidade de todos\u2019 (LS 95).<\/p>\n<p>Quer sejamos crentes ou n\u00e3o, estamos hoje de acordo que a terra \u00e9 essencialmente uma heran\u00e7a comum, cujos frutos se destinam ao benef\u00edcio de todos. Para os crentes, trata-se de uma quest\u00e3o de fidelidade ao Criador, uma vez que Deus criou o mundo para todos. Por conseguinte, qualquer abordagem ecol\u00f3gica deve integrar uma perspectiva social que tenha em aten\u00e7\u00e3o os direitos fundamentais dos pobres e mais desfavorecidos (LS 93).<\/p>\n<p>Os danos provocados no clima e no meio ambiente t\u00eam enormes repercuss\u00f5es. O problema gerado pela dram\u00e1tica acelera\u00e7\u00e3o das altera\u00e7\u00f5es clim\u00e1ticas tem efeitos globais. Constitui um desafio \u00e0 redefini\u00e7\u00e3o das nossas no\u00e7\u00f5es de crescimento e de progresso. Coloca uma quest\u00e3o de estilo de vida. \u00c9 imperativo que encontremos uma solu\u00e7\u00e3o que seja consensual, devido \u00e0 escala e \u00e0 natureza global do impacto do clima, pelo que se exige uma solidariedade que seja universal, uma \u2018solidariedade entre as gera\u00e7\u00f5es\u2019 e \u2018entre os indiv\u00edduos da mesma gera\u00e7\u00e3o\u2019 (LS 13, 14, 162).<\/p>\n<p>O Papa define o nosso mundo como \u2018a nossa casa comum\u2019 e, no exerc\u00edcio do nosso of\u00edcio de administradores, temos de dar aten\u00e7\u00e3o \u00e0 degrada\u00e7\u00e3o humana e social que \u00e9 consequ\u00eancia de um meio ambiente deteriorado. Apelamos a uma abordagem ecol\u00f3gica integral, apelamos a que a justi\u00e7a social ocupe um lugar central, \u2018para ouvir tanto o clamor da terra como o clamor dos pobres\u2019 (LS 49).<\/p>\n<p>O desenvolvimento sustent\u00e1vel deve incluir os pobres<\/p>\n<p>Enquanto deplora o impacto dram\u00e1tico das r\u00e1pidas altera\u00e7\u00f5es clim\u00e1ticas no n\u00edvel dos oceanos, em fen\u00f4menos clim\u00e1ticos extremos, nos ecossistemas em deteriora\u00e7\u00e3o e na perda de biodiversidade, a Igreja \u00e9 tamb\u00e9m testemunha de como as altera\u00e7\u00f5es clim\u00e1ticas est\u00e3o a afetar as comunidades e popula\u00e7\u00f5es vulner\u00e1veis, que s\u00e3o gravemente prejudicadas. O Papa Francisco alerta-nos para o impacto irrepar\u00e1vel das altera\u00e7\u00f5es clim\u00e1ticas desenfreadas em muitos pa\u00edses em desenvolvimento do mundo. Al\u00e9m disso, no seu discurso \u00e0s Na\u00e7\u00f5es Unidas, o Papa afirmou que o abuso e a destrui\u00e7\u00e3o do meio ambiente s\u00e3o tamb\u00e9m acompanhados de um persistente processo de exclus\u00e3o. (1)<\/p>\n<p>L\u00edderes corajosos \u00e0 procura de acordos execut\u00e1veis<\/p>\n<p>A edifica\u00e7\u00e3o e manuten\u00e7\u00e3o de uma casa comum sustent\u00e1vel requerem uma lideran\u00e7a pol\u00edtica corajosa e imaginativa. S\u00e3o necess\u00e1rios sistemas normativos que estabele\u00e7am com clareza determinados limites e assegurem a prote\u00e7\u00e3o do ecossistema (LS 53).<\/p>\n<p>H\u00e1 dados cient\u00edficos cred\u00edveis que sugerem que as altera\u00e7\u00f5es clim\u00e1ticas aceleradas s\u00e3o resultado da atividade humana desenfreada, ao servi\u00e7o de um modelo particular de progresso e de desenvolvimento, e que uma das causas principais reside na excessiva depend\u00eancia dos combust\u00edveis f\u00f3sseis. O Papa e os Bispos cat\u00f3licos dos cinco continentes, sens\u00edveis aos danos que s\u00e3o provocados, apelam a uma dr\u00e1stica redu\u00e7\u00e3o das emiss\u00f5es de di\u00f3xido de carbono e outros gases t\u00f3xicos.<\/p>\n<p>Unimos a nossa voz ao apelo do Santo Padre em favor de um progresso significativo em Paris, de um acordo compreensivo e de mudan\u00e7a apoiado por todos, com base em princ\u00edpios de solidariedade, justi\u00e7a e participa\u00e7\u00e3o. Este acordo deve colocar o bem comum \u00e0 frente dos interesses nacionais. \u00c9 tamb\u00e9m essencial que as negocia\u00e7\u00f5es desemboquem num acordo execut\u00e1vel que proteja a nossa casa comum e todos os seus habitantes.<\/p>\n<p>N\u00f3s, Cardeais, Patriarcas e Bispos, proferimos um apelo geral e propomos dez propostas espec\u00edficas de orienta\u00e7\u00e3o. Apelamos \u00e0 COP 21 que formule um acordo internacional para limitar o aumento global da temperatura aos par\u00e2metros atualmente sugeridos pela comunidade cient\u00edfica global, de modo a evitar impactos clim\u00e1ticos catastr\u00f3ficos, especialmente para os mais pobres e para as comunidades mais vulner\u00e1veis. Estamos de acordo quanto \u00e0 exist\u00eancia de uma responsabilidade comum, mas tamb\u00e9m diferenciada, de todas as na\u00e7\u00f5es. Os distintos pa\u00edses alcan\u00e7aram um est\u00e1dio diverso de desenvolvimento. \u00c9 imperativo que se trabalhe em conjunto em prol de um empreendimento comum.<\/p>\n<p>Os nossos dez apelos:<\/p>\n<p>1. ter em aten\u00e7\u00e3o n\u00e3o apenas as dimens\u00f5es t\u00e9cnicas mas particularmente \u00e9ticas e morais das altera\u00e7\u00f5es clim\u00e1ticas, como indicado no Artigo 3 da Conven\u00e7\u00e3o-Quadro das Na\u00e7\u00f5es Unidas para as Altera\u00e7\u00f5es Clim\u00e1ticas (CQNUAC).<\/p>\n<p> 2. aceitar que o clima e a atmosfera s\u00e3o bens comuns globais que a todos pertencem e a todos se destinam. (2)<\/p>\n<p>3. adotar um acordo global justo, de mudan\u00e7a e juridicamente vinculativo, com base na nossa vis\u00e3o comum do mundo que reconhece a necessidade de viver em harmonia com a natureza, e que garanta que todos possam fruir dos direitos humanos, incluindo os direitos dos Povos Ind\u00edgenas, das mulheres, jovens e trabalhadores.<\/p>\n<p>4. impor limites estritos ao aumento global da temperatura e estabelecer um objetivo de completa descarboniza\u00e7\u00e3o para meados do s\u00e9culo, com vista a proteger as comunidades de primeira linha que sofrem os impactos das altera\u00e7\u00f5es clim\u00e1ticas, como aquelas das Ilhas do Pac\u00edfico e das regi\u00f5es costeiras.<\/p>\n<p>\u2022 assegurar que o limite de temperatura \u00e9 codificado num acordo global juridicamente vinculativo, com compromissos e a\u00e7\u00f5es de mitiga\u00e7\u00e3o ambiciosos por parte de todos os pa\u00edses, reconhecendo as suas responsabilidades comuns, mas diferenciadas, e respetivas capacidades (CBDRRC), com base em princ\u00edpios de equidade, responsabilidades hist\u00f3ricas e no direito ao desenvolvimento sustent\u00e1vel.<\/p>\n<p>\u2022 para assegurar que as redu\u00e7\u00f5es das emiss\u00f5es dos governos est\u00e3o em linha com o objetivo de descarboniza\u00e7\u00e3o, os governos t\u00eam de desenvolver revis\u00f5es peri\u00f3dicas dos compromissos que estabelecem e das ambi\u00e7\u00f5es que manifestam. E, para terem sucesso, estas revis\u00f5es t\u00eam tamb\u00e9m de se basear nos dados cient\u00edficos e na equidade e devem ser obrigat\u00f3rias.<\/p>\n<p>5. desenvolver novos modelos de desenvolvimento e estilos de vida que sejam compat\u00edveis com o clima, enfrentem as desigualdades e tirem as pessoas da pobreza. Um elemento primordial para que tal aconte\u00e7a \u00e9 p\u00f4r fim \u00e0 era dos combust\u00edveis f\u00f3sseis, calendarizando a redu\u00e7\u00e3o das emiss\u00f5es de combust\u00edveis f\u00f3sseis, incluindo as emiss\u00f5es militares, da avia\u00e7\u00e3o e da marinha, e proporcionando a todos o acesso a energias renov\u00e1veis econ\u00f3micas, fi\u00e1veis e seguras.<\/p>\n<p>6. assegurar que as pessoas possam ter acesso \u00e0 \u00e1gua e \u00e0 terra para desenvolverem sistemas alimentares resistentes \u00e0s condi\u00e7\u00f5es climat\u00e9ricas e sustent\u00e1veis, que deem prioridade \u00e0s solu\u00e7\u00f5es propostas pelas popula\u00e7\u00f5es e n\u00e3o aos lucros.<\/p>\n<p>7. assegurar que os mais pobres, mais vulner\u00e1veis e quantos sofrem maiores impactos possam participar em todos os n\u00edveis dos processos de tomada de decis\u00f5es.<\/p>\n<p>8. assegurar que o acordo de 2015 aponte para uma abordagem de adapta\u00e7\u00e3o que responda adequadamente \u00e0s necessidades imediatas das comunidades mais vulner\u00e1veis e tenha em conta as alternativas locais.<\/p>\n<p>9. reconhecer que as necessidades de adapta\u00e7\u00e3o dependem do sucesso das medidas de mitiga\u00e7\u00e3o a serem tomadas. Os respons\u00e1veis pelas altera\u00e7\u00f5es clim\u00e1ticas t\u00eam a responsabilidade de apoiar os mais vulner\u00e1veis na sua adapta\u00e7\u00e3o, a gerirem as perdas e os danos, e devem partilhar a tecnologia e o saber-fazer necess\u00e1rios.<\/p>\n<p>10. oferecer quadros de refer\u00eancia claros quanto ao modo como os pa\u00edses ir\u00e3o dar resposta \u00e0 provis\u00e3o de compromissos financeiros fi\u00e1veis, consistentes e adicionais, assegurando um financiamento equilibrado de a\u00e7\u00f5es de mitiga\u00e7\u00e3o e necessidades de adapta\u00e7\u00e3o.<\/p>\n<p>Tudo isto implica uma educa\u00e7\u00e3o e uma consci\u00eancia ecol\u00f3gica s\u00e9rias (LS 202-215).<\/p>\n<p>Ora\u00e7\u00e3o pela Terra<\/p>\n<p>Deus de amor, ensina-nos a cuidar deste mundo como nossa casa comum. Inspira os l\u00edderes governamentais que se re\u00fanem em Paris para que escutem e prestem aten\u00e7\u00e3o ao clamor da terra e ao clamor dos pobres; para que se unam de mente e cora\u00e7\u00e3o dando uma resposta corajosa que busque o bem comum e proteja o belo jardim terrestre que criaste para n\u00f3s, para todos os nossos irm\u00e3os e irm\u00e3s, para todas as gera\u00e7\u00f5es vindouras. Am\u00e9m.<br \/>(1) &#8211; Discurso do Santo Padre, Sede da Organiza\u00e7\u00e3o das Na\u00e7\u00f5es Unidas, Nova Iorque, Sexta-feira 25 de Setembro de 2015.<br \/>(2) &#8211; Discurso do Papa Francisco aos Ministros do Meio Ambiente dos Pa\u00edses Membros da Uni\u00e3o Europeia, Cidade do Vaticano, Quarta-feira 16 de Setembro de 2015.<\/p>\n<p>OS BISPOS QUE ASSINAM ESTA DECLARA\u00c7\u00c3O:<\/p>\n<p>Sua Emin\u00eancia Cardeal D. Oswald Gracias<\/p>\n<p>Arcebispo de Bombaim, \u00cdndia<\/p>\n<p>Presidente da FABC (\u00c1sia)<\/p>\n<p>Sua Excel\u00eancia D. Gabriel Mbilingi, CSSp<\/p>\n<p>Arcebispo de Lubango, Angola<\/p>\n<p>Presidente do SECAM (\u00c1frica)<\/p>\n<p>Sua Emin\u00eancia Cardeal D. P\u00e9ter Erd\u00f3<\/p>\n<p>Arcebispo de Esztergom \u2013 Budapeste, Hungria<\/p>\n<p>Presidente do CCEE (Europa)<\/p>\n<p>Sua Excel\u00eancia D. John Ribat, MSC<\/p>\n<p>Arcebispo de Port Moresby, PNG<\/p>\n<p>Presidente da FCBCO (Oce\u00e2nia)<\/p>\n<p>Sua Emin\u00eancia Cardeal D. Reinhard Marx<\/p>\n<p>Arcebispo de Munique, Alemanha<\/p>\n<p>Presidente do COMECE (Europa)<\/p>\n<p>Sua Excel\u00eancia D. Joseph Kurtz<\/p>\n<p>Arcebispo de Louisville<\/p>\n<p>Presidente da USCCB (EUA)<\/p>\n<p>Sua Emin\u00eancia Cardeal D. Rub\u00e9n Salazar G\u00f3mez<\/p>\n<p>Arcebispo de Bogot\u00e1, Col\u00f4mbia<\/p>\n<p>Presidente do CELAM (Am\u00e9rica Latina)<\/p>\n<p>Sua Excel\u00eancia D. David Douglas Crosby, OMI<\/p>\n<p>Bispo de Hamilton, Canad\u00e1<\/p>\n<p>Presidente da CCCB-CECC (Canad\u00e1)<\/p>\n<p>Sua Beatitude Cardeal D. B\u00e9chara Boutros Ra\u00ef, OMM<\/p>\n<p>Patriarca de Antioquia (Maronita)<\/p>\n<p>Presidente do CCPO<\/p>\n<p>(Conselho dos Patriarcas Cat\u00f3licos do Oriente)<\/p>\n<p>Fonte: CNBB<\/p>\n","protected":false},"excerpt":{"rendered":"<p>A 21\u00aa Confer\u00eancia das Partes da Conven\u00e7\u00e3o das Na\u00e7\u00f5es Unidas sobre Mudan\u00e7a do Clima iniciar\u00e1 dia 30 de novembro, em Paris \u201cApelo \u00e0s partes negociadoras da COP 21\u201d \u00e9 t\u00edtulo do texto assinado por cardeais, patriarcas e bispos de diversas parte do mundo, enviado aos representantes de 195 pa\u00edses, reunidos em Bonn (Alemanha), desde sexta-feira, [&hellip;]<\/p>\n","protected":false},"author":1,"featured_media":0,"comment_status":"open","ping_status":"open","sticky":false,"template":"","format":"standard","meta":{"footnotes":""},"categories":[7],"tags":[],"class_list":["post-12121","post","type-post","status-publish","format-standard","hentry","category-cnbb"],"_links":{"self":[{"href":"https:\/\/catolicanet.net\/wp-cnet\/wp-json\/wp\/v2\/posts\/12121","targetHints":{"allow":["GET"]}}],"collection":[{"href":"https:\/\/catolicanet.net\/wp-cnet\/wp-json\/wp\/v2\/posts"}],"about":[{"href":"https:\/\/catolicanet.net\/wp-cnet\/wp-json\/wp\/v2\/types\/post"}],"author":[{"embeddable":true,"href":"https:\/\/catolicanet.net\/wp-cnet\/wp-json\/wp\/v2\/users\/1"}],"replies":[{"embeddable":true,"href":"https:\/\/catolicanet.net\/wp-cnet\/wp-json\/wp\/v2\/comments?post=12121"}],"version-history":[{"count":1,"href":"https:\/\/catolicanet.net\/wp-cnet\/wp-json\/wp\/v2\/posts\/12121\/revisions"}],"predecessor-version":[{"id":24101,"href":"https:\/\/catolicanet.net\/wp-cnet\/wp-json\/wp\/v2\/posts\/12121\/revisions\/24101"}],"wp:attachment":[{"href":"https:\/\/catolicanet.net\/wp-cnet\/wp-json\/wp\/v2\/media?parent=12121"}],"wp:term":[{"taxonomy":"category","embeddable":true,"href":"https:\/\/catolicanet.net\/wp-cnet\/wp-json\/wp\/v2\/categories?post=12121"},{"taxonomy":"post_tag","embeddable":true,"href":"https:\/\/catolicanet.net\/wp-cnet\/wp-json\/wp\/v2\/tags?post=12121"}],"curies":[{"name":"wp","href":"https:\/\/api.w.org\/{rel}","templated":true}]}}