{"id":12118,"date":"2015-10-27T12:18:10","date_gmt":"2015-10-27T14:18:10","guid":{"rendered":"http:\/\/catolicanet.net\/wp-cnet\/2015\/10\/27\/a-igreja-misericordiosa-e-inclusiva-de-francisco\/"},"modified":"2017-05-09T14:40:09","modified_gmt":"2017-05-09T17:40:09","slug":"a-igreja-misericordiosa-e-inclusiva-de-francisco","status":"publish","type":"post","link":"https:\/\/catolicanet.net\/wp-cnet\/a-igreja-misericordiosa-e-inclusiva-de-francisco\/","title":{"rendered":"A Igreja misericordiosa e inclusiva de Francisco"},"content":{"rendered":"<p style=\"text-align: justify;\">O Papa Francisco, na ora\u00e7\u00e3o precedida do Angelus, na Pra\u00e7a de S\u00e3o Pedro (25\/10\/2015), referiu-se \u00e0 XIV Assembleia Geral Ordin\u00e1ria do S\u00ednodo dos Bispos (de 4 a 25 de outubro de 2015),\u00a0 com o tema da Fam\u00edlia, considerando ter sido um \u201ctrabalho intenso, animado pela ora\u00e7\u00e3o e por um esp\u00edrito de verdadeira comunh\u00e3o\u201d, asseverando que a palavra \u201cS\u00ednodo\u201d significa \u201ccaminhar juntos\u201d, que o sonho de Deus \u00e9 o de formar um povo onde cabem todas as fam\u00edlias, povo santo de Deus disperso por todo o mundo. Indicou o caminho de discernimento, diante dos valores do matrim\u00f4nio e da fam\u00edlia, como resposta ao individualismo, no desejo de estender a comunh\u00e3o a todos e que esta seja mais bem compreendida e vivida a partir da f\u00e9 em Jesus de Nazar\u00e9, numa proximidade sempre maior do exerc\u00edcio da miseric\u00f3rdia, afastando-se do rigorismo moral e condenat\u00f3ria.<br \/>Aprendamos, pois, com as palavras encantadoras do Sucessor de Pedro a sermos cada vez mais humildes, colocando-nos no lugar de criaturas e de filhos de Deus, na certeza de que a luta e o sonho de uma Igreja, fam\u00edlia humana, misericordiosa e inclusiva, que transcende qualquer arqu\u00e9tipo ou medida, nas palavras de Santo Agostinho, que aqui nos valemos: \u201cA medida do amor \u00e9 amar sem medida\u201d.\u00a0 Ao falar da fam\u00edlia como um todo, o Bispo de Roma n\u00e3o se esqueceu\u00a0 das \u201cfam\u00edlias mais sofredoras, desenraizadas das suas terras, que estiveram presentes conosco no S\u00ednodo, na nossa ora\u00e7\u00e3o e nos nossos trabalhos, atrav\u00e9s da voz de alguns dos seus Pastores presentes na Assembleia. Essas pessoas \u00e0 procura da dignidade, essas fam\u00edlias \u00e0 procura de paz ficam ainda conosco, a Igreja n\u00e3o as abandona, porque fazem parte do povo que Deus quer libertar da escravid\u00e3o e guiar para a liberdade\u201d, declarando solidariedade \u00e0 realidade dolorosa dos refugiados na Europa, antes da ora\u00e7\u00e3o mariana.<br \/>A mensagem corajosa e prof\u00e9tica do Santo Padre, o Papa Francisco, no final da Assembleia (S\u00ednodo), que durou tr\u00eas semanas, pela qual o mundo dos crist\u00e3os cat\u00f3licos elevou fervorosas preces, nos agradecimentos e alguns t\u00f3picos, faz-nos pensar: \u201cAgrade\u00e7o a todos v\u00f3s, amados padres sinodais, delegados fraternos, auditores, auditoras e conselheiros, p\u00e1rocos e fam\u00edlias pela vossa ativa e frutuosa participa\u00e7\u00e3o. Agrade\u00e7o ainda a todas as pessoas que se empenharam, de forma an\u00f4nima e em sil\u00eancio, prestando a sua generosa contribui\u00e7\u00e3o para os trabalhos deste S\u00ednodo\u201d. O Augusto Pont\u00edfice disse mais: \u201cSeguramente n\u00e3o significa que encontramos solu\u00e7\u00f5es exaustivas para todas as dificuldades e d\u00favidas que desafiam e amea\u00e7am a fam\u00edlia, mas que colocamos tais dificuldades e d\u00favidas sob a luz da F\u00e9, examinamo-las cuidadosamente, abordamo-las sem medo e sem esconder a cabe\u00e7a na areia\u201d.<br \/>Entre os itens da sua referida mensagem, na conclus\u00e3o da Assembleia Sinodal, disse: \u201cSignifica que escutamos e fizemos escutar as vozes das fam\u00edlias e dos pastores da Igreja que vieram a Roma carregando sobre os ombros os fardos e as esperan\u00e7as, as riquezas e os desafios das fam\u00edlias do mundo inteiro. Significa que demos provas da vitalidade da Igreja Cat\u00f3lica, que n\u00e3o tem medo de abalar as consci\u00eancias anestesiadas ou de sujar as m\u00e3os discutindo, animada e francamente, sobre a fam\u00edlia\u201d. O Sumo Pont\u00edfice alhures falou: \u201cSem perd\u00e3o a fam\u00edlia adoece. O perd\u00e3o \u00e9 a assepsia da alma, a faxina da mente e a alforria do cora\u00e7\u00e3o. Quem n\u00e3o perdoa n\u00e3o tem paz na alma nem comunh\u00e3o com Deus. A m\u00e1goa \u00e9 um veneno que intoxica e mata. Guardar m\u00e1goa no cora\u00e7\u00e3o \u00e9 um gesto autodestrutivo. \u00c9 autofagia. Quem n\u00e3o perdoa adoece f\u00edsica, emocional e espiritualmente\u201d.<br \/>Sinais de esperan\u00e7a para a plena reintegra\u00e7\u00e3o \u00e0 Igreja de alguns cat\u00f3licos que se divorciaram e se casaram novamente em cerim\u00f4nias civis; \u00fanica maneira para que esses cat\u00f3licos possam se casar novamente \u00e9 pela declara\u00e7\u00e3o de nulidade. Temos, evidentemente, o chamado \u201cforo \u00edntimo\u201d, em que cabem aqueles est\u00e3o \u00e0 frente do povo, os sacerdotes em geral, ou os bispos, acompanhar com miseric\u00f3rdia os cat\u00f3licos que se divorciaram e casaram-se novamente, vendo caso a caso, se ele ou ela pode ser totalmente reintegrado, tudo a partir do comprovado amor aos ensinamentos da Igreja, como garantia de uma busca sincera da vontade de Deus, sem se afastar do ensinamento da Igreja. \u00c9 claro que se os ministros da Igreja estiverem imbu\u00eddos da mais profunda caridade crist\u00e3, pelo exerc\u00edcio do perd\u00e3o, sempre ter\u00e3o algo a oferecer-lhes, de um modo indiz\u00edvel, em nome da m\u00e3e Igreja.<br \/>Esse esp\u00edrito ele desejou ardentemente para todo o resultado exaustivo do S\u00ednodo sobre a fam\u00edlia, revelando que a Assembleia decidiu evitar uma linguagem abertamente marcada pela controv\u00e9rsia e procurou buscar o consenso, a fim de evitar impasse sobre os temas mais sens\u00edveis, deixando para o Papa lidar com os detalhes. J\u00e1 que a medida do amor \u00e9 amar sem medida, Francisco foi contundente nas seguintes express\u00f5es: \u201csem medo, sem enterrar nossas cabe\u00e7as na areia\u201d; \u201c\u00e0s vezes incrustadas em uma linguagem que \u00e9 arcaica ou simplesmente incompreens\u00edvel\u201d; \u201cUma reflex\u00e3o sincera pode refor\u00e7ar a miseric\u00f3rdia de Deus, que n\u00e3o \u00e9 negada a ningu\u00e9m\u201d. E no final da mensagem: \u201cNa verdade, para a Igreja encerrar o S\u00ednodo, significa voltar realmente a \u2018caminhar juntos\u2019 para levar a toda a parte do mundo, a cada diocese, a cada comunidade e a cada situa\u00e7\u00e3o, a luz do Evangelho, o abra\u00e7o da Igreja e o apoio da miseric\u00f3rdia de Deus!\u201d. Assim seja!<\/p>\n","protected":false},"excerpt":{"rendered":"<p>O Papa Francisco, na ora\u00e7\u00e3o precedida do Angelus, na Pra\u00e7a de S\u00e3o Pedro (25\/10\/2015), referiu-se \u00e0 XIV Assembleia Geral Ordin\u00e1ria do S\u00ednodo dos Bispos (de 4 a 25 de outubro de 2015),\u00a0 com o tema da Fam\u00edlia, considerando ter sido um \u201ctrabalho intenso, animado pela ora\u00e7\u00e3o e por um esp\u00edrito de verdadeira comunh\u00e3o\u201d, asseverando que [&hellip;]<\/p>\n","protected":false},"author":6,"featured_media":0,"comment_status":"open","ping_status":"open","sticky":false,"template":"","format":"standard","meta":{"footnotes":""},"categories":[9],"tags":[],"class_list":["post-12118","post","type-post","status-publish","format-standard","hentry","category-artigos"],"_links":{"self":[{"href":"https:\/\/catolicanet.net\/wp-cnet\/wp-json\/wp\/v2\/posts\/12118","targetHints":{"allow":["GET"]}}],"collection":[{"href":"https:\/\/catolicanet.net\/wp-cnet\/wp-json\/wp\/v2\/posts"}],"about":[{"href":"https:\/\/catolicanet.net\/wp-cnet\/wp-json\/wp\/v2\/types\/post"}],"author":[{"embeddable":true,"href":"https:\/\/catolicanet.net\/wp-cnet\/wp-json\/wp\/v2\/users\/6"}],"replies":[{"embeddable":true,"href":"https:\/\/catolicanet.net\/wp-cnet\/wp-json\/wp\/v2\/comments?post=12118"}],"version-history":[{"count":1,"href":"https:\/\/catolicanet.net\/wp-cnet\/wp-json\/wp\/v2\/posts\/12118\/revisions"}],"predecessor-version":[{"id":21891,"href":"https:\/\/catolicanet.net\/wp-cnet\/wp-json\/wp\/v2\/posts\/12118\/revisions\/21891"}],"wp:attachment":[{"href":"https:\/\/catolicanet.net\/wp-cnet\/wp-json\/wp\/v2\/media?parent=12118"}],"wp:term":[{"taxonomy":"category","embeddable":true,"href":"https:\/\/catolicanet.net\/wp-cnet\/wp-json\/wp\/v2\/categories?post=12118"},{"taxonomy":"post_tag","embeddable":true,"href":"https:\/\/catolicanet.net\/wp-cnet\/wp-json\/wp\/v2\/tags?post=12118"}],"curies":[{"name":"wp","href":"https:\/\/api.w.org\/{rel}","templated":true}]}}