{"id":12117,"date":"2015-10-26T17:28:51","date_gmt":"2015-10-26T19:28:51","guid":{"rendered":"http:\/\/catolicanet.net\/wp-cnet\/2015\/10\/26\/jake-trevisan-fruto-da-diocese-de-santo-amaro\/"},"modified":"2017-05-31T15:37:05","modified_gmt":"2017-05-31T18:37:05","slug":"jake-trevisan-fruto-da-diocese-de-santo-amaro","status":"publish","type":"post","link":"https:\/\/catolicanet.net\/wp-cnet\/jake-trevisan-fruto-da-diocese-de-santo-amaro\/","title":{"rendered":"Jake Trevisan &#8211; Fruto da Diocese de Santo Amaro"},"content":{"rendered":"<p style=\"text-align: justify;\"> <img decoding=\"async\" src=\"http:\/\/catolicanet.com.br\/images\/stories\/capa cd fe na vida.jpg\" border=\"0\" align=\"left\" \/>No ano de 1995 nascia o Minist\u00e9rio Guerreiros do Amor, da Par\u00f3quia Nossa Senhora de F\u00e1tima, do setor Graja\u00fa. O grupo fundado por Aliete Gomes com seus tr\u00eas filhos, agregou jovens da comunidade e foi autodidata na m\u00fasica e na dan\u00e7a. Juntos se formaram na Palavra de Deus, no testemunho crist\u00e3o e no servi\u00e7o pastoral. Com participa\u00e7\u00e3o ativa em encontros, retiros e aprofundamentos de ora\u00e7\u00e3o, a miss\u00e3o foi crescendo em estatura no decorrer dos anos, mantendo membros da inf\u00e2ncia \u00e0 juventude no seu seio. <br \/> O grupo passou a servir n\u00e3o somente a par\u00f3quia, como tbm par\u00f3quias de toda a Diocese de Santo Amaro e inclusive fora dela. Convidados a ministrar encontros, animar tardes de louvor e barzinhos de Jesus, conduzir retiros para jovens entre outros, o Minist\u00e9rio Guerreiros do Amor tornou-se refer\u00eancia na diocese entre os anos de 1998 a 2005, passando at\u00e9 por uma forma\u00e7\u00e3o de musicistas mulheres. Suas apresenta\u00e7\u00f5es tinham um grande investimento em figurinos, coreografia diferenciadas e postura ousada no canto e nas letras das can\u00e7\u00f5es. As m\u00fasicas executadas eram sempre de autoria pr\u00f3pria e um dos pontos marcantes na hist\u00f3ria do grupo foi a vit\u00f3ria do Festival Carmelita do ano de 2001. <br \/> Com grande bagagem alcan\u00e7ada no decorrer dos anos de caminhada, Aliete Gomes <img decoding=\"async\" src=\"http:\/\/catolicanet.com.br\/images\/stories\/capa.jpg\" border=\"0\" align=\"right\" \/>(fundadora do minist\u00e9rio) pediu a Deus a gra\u00e7a de produzir e lan\u00e7ar um CD do grupo, com m\u00fasicas de autoria pr\u00f3pria. E foi no ano de 2006 que a gravadora Codimuc lan\u00e7ou a vocalista Jake Trevisan, filha de Aliete. O fato do CD n\u00e3o ter sido do Minist\u00e9rio Guerreiros do Amor deu-se por conta da gravadora alegar a aceita\u00e7\u00e3o comercial do produto, por\u00e9m o restante do grupo teve total compreen\u00e7\u00e3o \u00e0s circunst\u00e2ncias do momento.<br \/> No primeiro ano de lan\u00e7amento do CD &#8220;JAKE Guerreira do Amor&#8221;, a cantora formada em Publicidade, logo teve que abandonar a profiss\u00e3o e dedicar-se inteiramente a evangeliza\u00e7\u00e3o. No ano de 2008 uma apresenta\u00e7\u00e3o sua na TV Aparecida cantando a m\u00fasica &#8220;P\u00f3 par\u00e1 com p\u00f3&#8221; (um apelo contra as drogas), tornou-se um viral na internet e Jake Trevisan passou a viajar em miss\u00e3o para todo o pa\u00eds. Foi convidada do Programa do J\u00f4, cantou com Ivete Sangalo e participou de diversos programas de TV seculares e cat\u00f3licos.<br \/> <img decoding=\"async\" src=\"http:\/\/catolicanet.com.br\/images\/stories\/capa cd esperanca.jpg\" border=\"0\" align=\"left\" \/>Jake Trevisan j\u00e1 lan\u00e7ou 3 CDs, o \u00faltimo com participa\u00e7\u00e3o de Elba Ramalho. A cantora apresentou-se no palco principal de Copacabana durante a Jornada Mundial da Juventude 2013 e foi uma das refer\u00eancias da Nova Evangeliza\u00e7\u00e3o para jovens do mundo inteiro.<br \/> Hoje, a artista possui uma agenda bem movimentada entre shows e projetos de evangeliza\u00e7\u00e3o como a S\u00e9rie &#8220;M\u00fasica na Igreja&#8221;, em parceria com Walmir Alencar para oferecer conte\u00fado aos ministros da m\u00fasica lit\u00fargica (Acompanhe no PlayTV Can\u00e7\u00e3o Nova). A artista \u00e9 convidada a evangelizar em comunidades, est\u00e1dios, gin\u00e1sios, pra\u00e7as, palcos, trios-el\u00e9tricos e etc. Sua musicalidade \u00e9 jovem e carregada de catequese. O comprometimento com a evangeliza\u00e7\u00e3o \u00e9 o foco de sua miss\u00e3o.<br \/> O Minist\u00e9rio Guerreiros do Amor continua vivo, completando 20 anos de exist\u00eancia. Sua fundadora e demais membros acompanham e auxiliam Jake Trevisan em diversas fun\u00e7\u00f5es.<br \/> A Diocese de Santo Amaro \u00e9 seleiro desta e de muitas outras miss\u00f5es. <br \/> &#8220;A Diocese de Santo Amaro \u00e9 meu ber\u00e7o, \u00e9 minha casa. Sou grata a todos os sacerdotes e irm\u00e3os que nos auxiliaram e fizeram de n\u00f3s uma miss\u00e3o que rompe fronteiras.&#8221; Jake Trevisan<\/p>\n<p><\/p>\n","protected":false},"excerpt":{"rendered":"<p>No ano de 1995 nascia o Minist\u00e9rio Guerreiros do Amor, da Par\u00f3quia Nossa Senhora de F\u00e1tima, do setor Graja\u00fa. O grupo fundado por Aliete Gomes com seus tr\u00eas filhos, agregou jovens da comunidade e foi autodidata na m\u00fasica e na dan\u00e7a. Juntos se formaram na Palavra de Deus, no testemunho crist\u00e3o e no servi\u00e7o pastoral. [&hellip;]<\/p>\n","protected":false},"author":1,"featured_media":0,"comment_status":"open","ping_status":"open","sticky":false,"template":"","format":"standard","meta":{"footnotes":""},"categories":[4],"tags":[],"class_list":["post-12117","post","type-post","status-publish","format-standard","hentry","category-cotidiano"],"_links":{"self":[{"href":"https:\/\/catolicanet.net\/wp-cnet\/wp-json\/wp\/v2\/posts\/12117","targetHints":{"allow":["GET"]}}],"collection":[{"href":"https:\/\/catolicanet.net\/wp-cnet\/wp-json\/wp\/v2\/posts"}],"about":[{"href":"https:\/\/catolicanet.net\/wp-cnet\/wp-json\/wp\/v2\/types\/post"}],"author":[{"embeddable":true,"href":"https:\/\/catolicanet.net\/wp-cnet\/wp-json\/wp\/v2\/users\/1"}],"replies":[{"embeddable":true,"href":"https:\/\/catolicanet.net\/wp-cnet\/wp-json\/wp\/v2\/comments?post=12117"}],"version-history":[{"count":1,"href":"https:\/\/catolicanet.net\/wp-cnet\/wp-json\/wp\/v2\/posts\/12117\/revisions"}],"predecessor-version":[{"id":26929,"href":"https:\/\/catolicanet.net\/wp-cnet\/wp-json\/wp\/v2\/posts\/12117\/revisions\/26929"}],"wp:attachment":[{"href":"https:\/\/catolicanet.net\/wp-cnet\/wp-json\/wp\/v2\/media?parent=12117"}],"wp:term":[{"taxonomy":"category","embeddable":true,"href":"https:\/\/catolicanet.net\/wp-cnet\/wp-json\/wp\/v2\/categories?post=12117"},{"taxonomy":"post_tag","embeddable":true,"href":"https:\/\/catolicanet.net\/wp-cnet\/wp-json\/wp\/v2\/tags?post=12117"}],"curies":[{"name":"wp","href":"https:\/\/api.w.org\/{rel}","templated":true}]}}