{"id":1211,"date":"2023-03-01T00:00:57","date_gmt":"2023-03-01T03:00:57","guid":{"rendered":"http:\/\/catolicanet.net\/wp-cnet\/?p=1211"},"modified":"2023-01-02T18:42:34","modified_gmt":"2023-01-02T21:42:34","slug":"santo-albino","status":"publish","type":"post","link":"https:\/\/catolicanet.net\/wp-cnet\/santo-albino\/","title":{"rendered":"Santo Albino"},"content":{"rendered":"<p style=\"text-align: justify;\">Temos oito santos com o nome de Albino. Hoje celebramos Albino, bispo de Angers. Santo Albino nasceu em quatrocentos e sessenta e nove, em Vannes, na Bretanha. Era filho de uma fam\u00edlia de nobres.<\/p>\n<p style=\"text-align: justify;\">Tornou-se monge, sendo mais tarde escolhido para abade do mosteiro de Tintillant. Por trinta e cinco anos dirigiu a abadia. Para tornar-se monge teve que abandonar t\u00edtulos e uma rica heran\u00e7a. J\u00e1 era um sexagen\u00e1rio quando foi nomeado bispo de Angers, na Fran\u00e7a.<\/p>\n<p style=\"text-align: justify;\">Foi sagrado por Mel\u00e2nio, bispo de Rennes. Fez-se pai e irm\u00e3o dos pobres, dos humildes, dos injusti\u00e7ados. Trabalhou incansavelmente pela moraliza\u00e7\u00e3o dos costumes, opondo-se \u00e0s liga\u00e7\u00f5es incestuosas dos ricos senhores que tomavam como esposas as pr\u00f3prias irm\u00e3s ou filhas. Para combater este costume, condenado pela Igreja, Santo Albino convocou dois conc\u00edlios regionais.<\/p>\n<p style=\"text-align: justify;\">A piedade popular atribui-lhe fatos miraculosos, como o desmoronamento das portas da pris\u00e3o, a liberta\u00e7\u00e3o dos encarcerados e a morte de um soldado com um \u00fanico sopro de sua boca. Foi, sem d\u00favida, um dos santos mais populares da Idade M\u00e9dia.<\/p>\n<p style=\"text-align: justify;\">Santo Albino faleceu no dia primeiro de mar\u00e7o de quinhentos e cinquenta. Seis anos depois de sua morte j\u00e1 lhe foi constru\u00edda uma igreja em Angers, e sua fama de santidade espalhou-se rapidamente.<\/p>\n","protected":false},"excerpt":{"rendered":"<p>Temos oito santos com o nome de Albino. Hoje celebramos Albino, bispo de Angers. Santo Albino nasceu em quatrocentos e sessenta e nove, em Vannes, na Bretanha. Era filho de uma fam\u00edlia de nobres. Tornou-se monge, sendo mais tarde escolhido para abade do mosteiro de Tintillant. Por trinta e cinco anos dirigiu a abadia. Para [&hellip;]<\/p>\n","protected":false},"author":1,"featured_media":22207,"comment_status":"open","ping_status":"open","sticky":false,"template":"","format":"standard","meta":{"footnotes":""},"categories":[32],"tags":[],"class_list":["post-1211","post","type-post","status-publish","format-standard","has-post-thumbnail","hentry","category-santo-do-dia"],"_links":{"self":[{"href":"https:\/\/catolicanet.net\/wp-cnet\/wp-json\/wp\/v2\/posts\/1211","targetHints":{"allow":["GET"]}}],"collection":[{"href":"https:\/\/catolicanet.net\/wp-cnet\/wp-json\/wp\/v2\/posts"}],"about":[{"href":"https:\/\/catolicanet.net\/wp-cnet\/wp-json\/wp\/v2\/types\/post"}],"author":[{"embeddable":true,"href":"https:\/\/catolicanet.net\/wp-cnet\/wp-json\/wp\/v2\/users\/1"}],"replies":[{"embeddable":true,"href":"https:\/\/catolicanet.net\/wp-cnet\/wp-json\/wp\/v2\/comments?post=1211"}],"version-history":[{"count":1,"href":"https:\/\/catolicanet.net\/wp-cnet\/wp-json\/wp\/v2\/posts\/1211\/revisions"}],"predecessor-version":[{"id":1212,"href":"https:\/\/catolicanet.net\/wp-cnet\/wp-json\/wp\/v2\/posts\/1211\/revisions\/1212"}],"wp:featuredmedia":[{"embeddable":true,"href":"https:\/\/catolicanet.net\/wp-cnet\/wp-json\/wp\/v2\/media\/22207"}],"wp:attachment":[{"href":"https:\/\/catolicanet.net\/wp-cnet\/wp-json\/wp\/v2\/media?parent=1211"}],"wp:term":[{"taxonomy":"category","embeddable":true,"href":"https:\/\/catolicanet.net\/wp-cnet\/wp-json\/wp\/v2\/categories?post=1211"},{"taxonomy":"post_tag","embeddable":true,"href":"https:\/\/catolicanet.net\/wp-cnet\/wp-json\/wp\/v2\/tags?post=1211"}],"curies":[{"name":"wp","href":"https:\/\/api.w.org\/{rel}","templated":true}]}}