{"id":12091,"date":"2015-10-23T11:26:12","date_gmt":"2015-10-23T13:26:12","guid":{"rendered":"http:\/\/catolicanet.net\/wp-cnet\/2015\/10\/23\/eu-vos-quero-ver\/"},"modified":"2017-05-09T14:48:56","modified_gmt":"2017-05-09T17:48:56","slug":"eu-vos-quero-ver","status":"publish","type":"post","link":"https:\/\/catolicanet.net\/wp-cnet\/eu-vos-quero-ver\/","title":{"rendered":"Eu Vos quero ver"},"content":{"rendered":"<p style=\"text-align: justify;\"> Neste \u00faltimo domingo de outubro (XXX Domingo do Tempo Comum), m\u00eas do Ros\u00e1rio e das Miss\u00f5es e quando a Arquidiocese do Rio conclui o m\u00eas de Nossa Senhora da Penha, somos interpelados pela Palavra de Deus que nos chama a viver com generosidade e alegria o nosso Batismo como uma \u201cvida iluminada\u201d, ou seja, que estejamos vendo os sinais de Deus em nossas vidas e em nossa hist\u00f3ria.<br \/>Muitas vezes, na sua hist\u00f3ria, o povo de Deus experimentou a escravid\u00e3o, o ex\u00edlio e a opress\u00e3o. Muitas vezes Israel experimentou-se como um nada e viu-se numa escurid\u00e3o tremenda. Parecia que o povo iria acabar-se! Assim, por exemplo, em 722 a.C, quando os ass\u00edrios varreram do mapa o reino do Norte, o Reino de Israel e, em 597 e 587 a.C, quando os israelitas do Reino de Jud\u00e1 foram levados para o ex\u00edlio em Babil\u00f4nia. \u00c9 quase um esc\u00e2ndalo, mas \u00e9 verdade: a hist\u00f3ria do povo de Deus \u00e9 uma hist\u00f3ria de dor e de ang\u00fastia! Pois bem, \u00e9 no meio de tal ang\u00fastia e escurid\u00e3o que o Profeta fala hoje e diz palavras de esperan\u00e7a, de \u00e2nimo e de alegria: &#8220;Exultai de alegria, aclamai a primeira entre as na\u00e7\u00f5es\u201d!<br \/> \u201cEis que os trarei do pa\u00eds do Norte e os reunirei desde as extremidades da terra\u201d. No meio da desgra\u00e7a, Deus consola o seu povo: ir\u00e1 salv\u00e1-lo, reuni-lo, faz\u00ea-lo reviver. Mas, quem \u00e9 esse povo? No que se tornou? Quem somos n\u00f3s, povo de Deus? &#8220;Entre eles h\u00e1 cegos e aleijados, mulheres gr\u00e1vidas e parturientes\u201d. \u201cEles chegar\u00e3o entre l\u00e1grimas e eu os receberei entre preces, eu os conduzirei por torrentes d&#8217;\u00e1gua por um caminho reto onde n\u00e3o trope\u00e7ar\u00e3o&#8230; tornei-me um pai para Israel e Efraim \u00e9 o meu primog\u00eanito&#8221;. O Israel que vai experimentar a salva\u00e7\u00e3o de Deus \u00e9 um povo pobre, capenga, humilde&#8230; um povo que n\u00e3o conta nada aos olhos do mundo! Como n\u00e3o recordar das palavras de S\u00e3o Paulo aos cor\u00edntios? &#8220;Vede quem sois, irm\u00e3os, v\u00f3s que recebestes o chamado de Deus; n\u00e3o h\u00e1 entre v\u00f3s muitos s\u00e1bios segundo a carne, nem muitos poderosos, nem muitos de fam\u00edlia prestigiosa. Mas o que \u00e9 loucura no mundo, Deus o escolheu para confundir os s\u00e1bios; e, o que \u00e9 fraqueza no mundo, Deus o escolheu para confundir o que \u00e9 forte; e o que no mundo \u00e9 vil e desprezado, o que n\u00e3o \u00e9, Deus escolheu para reduzir a nada o que \u00e9&#8221; (1Cor 1,26-28).<br \/> Quando pensamos na nossa civiliza\u00e7\u00e3o atual, nos nossos valores, exaltando a efici\u00eancia, a riqueza, o conforto, o bem-estar, o vigor e forma f\u00edsica, a sa\u00fade&#8230; Como os crit\u00e9rios de Deus s\u00e3o diferentes! Israel \u00e9 imagem da Igreja e \u00e9 imagem de cada um de n\u00f3s, membro do povo de Deus da nova Alian\u00e7a. \u00c0 medida que descobrirmos nossas pobrezas pessoais e eclesiais, podemos tamb\u00e9m ter certeza de que o Senhor n\u00e3o nos abandona: ele nos chama, ele nos re\u00fane, ele nos salva: haveremos de voltar cantando, na for\u00e7a e na gra\u00e7a do Senhor. Deus \u00e9 nossa defesa: defesa da Igreja, defesa de cada um de n\u00f3s! Se caminharmos, muitas vezes, chorando, semeando com l\u00e1grimas o caminho de nosso seguimento de Cristo, a nossa sorte, \u00f3 Senhor, como torrentes no deserto. \u201cOs que lan\u00e7am as sementes entre l\u00e1grimas, ceifar\u00e3o com alegria. Chorando de tristeza sair\u00e3o, espalhando suas sementes; cantando de alegria voltar\u00e3o, carregando os seus feixes&#8221;. Somente podem experimentar isso aqueles que sabem e experimentam que s\u00e3o pobres diante de Deus, aqueles que sentem sua pr\u00f3pria fraqueza! Esta \u00e9 a experi\u00eancia que o crist\u00e3o deve fazer sempre na sua vida, seja pessoalmente, seja como Igreja! Somos pobres, mas Deus \u00e9 nossa riqueza; somos fracos, mas Deus \u00e9 nossa for\u00e7a! A primeira leitura do livro do profeta Jeremias (31, 7-9), respondida com a ora\u00e7\u00e3o do Salmo 125, nos introduz no cora\u00e7\u00e3o da Palavra que \u00e9 o Evangelho.<br \/> O Evangelho deste domingo (Mc 10, 46-52) nos mostra de modo maravilhoso essa experi\u00eancia crist\u00e3 de ser salvo por Deus em Jesus Cristo. Jesus est\u00e1 saindo de Jeric\u00f3, j\u00e1 est\u00e1 perto de Jerusal\u00e9m, onde morrer\u00e1. Uma multid\u00e3o o acompanha: barulho, empurra-empurra, aglomera\u00e7\u00e3o. \u00c0 beira do caminho, havia um cego mendigo: Marcos diz que era o &#8220;bar-Timeu&#8221;, o filho de Timeu. Cego, incapaz de caminhar sozinho, esmolando, sentado \u00e0 margem do caminho de Jeric\u00f3 e da vida. Este cego \u00e9 a humanidade; este cego \u00e9 cada um de n\u00f3s! Mas, ele ouve o rumor, a confus\u00e3o no caminho e quando ouviu dizer que Jesus estava passando, n\u00e3o perde tempo; \u00e9 a chance de sua vida! Ele grita alto: &#8220;Jesus, filho de Davi, tem piedade de mim!&#8221; Repreendem o cego, mas ele grita com voz mais forte! Ele sabe que \u00e9 a chance da sua vida. Santo Agostinho dizia: &#8220;Eu temo o Cristo que passa&#8221;&#8230; \u00c9 preciso n\u00e3o perder a chance, \u00e9 preciso gritar&#8230; n\u00e3o deixar o Cristo passar em v\u00e3o no caminho da nossa exist\u00eancia!<br \/> O grito do cego \u00e9 j\u00e1 um grito de f\u00e9. Chamando Jesus &#8220;filho de Davi&#8221;, o Bartimeu est\u00e1 dizendo que cr\u00ea que Jesus \u00e9 o messias: &#8220;Filho de Davi, tem piedade de mim!&#8221; Repreendem o cego&#8230; como o mundo quer nos repreender, quer nos impedir e ridicularizar quando nos reconhecemos cegos, pobres e coxos e gritamos por Jesus: &#8220;Filho de Davi, tem piedade de mim!&#8221; Mas o cego insiste; grita mais alto ainda! Ent\u00e3o, apesar da dist\u00e2ncia, apesar da multid\u00e3o, apesar do empurra-empurra, Jesus escuta o clamor do cego! Como n\u00e3o recordar, comovidos, as palavras do salmo 129? &#8220;Das profundezas eu clamo a v\u00f3s, Senhor; escutai a minha s\u00faplica!&#8221; Ningu\u00e9m grita pelo Senhor do fundo da sua mis\u00e9ria e fica sem ser ouvido! &#8220;Ent\u00e3o, Jesus parou e disse: &#8216;Chamai-o&#8217;. O cego jogou o manto, deu um pulo e foi at\u00e9 Jesus&#8221;. N\u00e3o perde tempo, d\u00e1 um pulo, deixa tudo, desembara\u00e7a-se do manto e corre para Jesus! Ele segue o conselho do Autor da Carta aos Hebreus: &#8220;Tamb\u00e9m n\u00f3s, rejeitando todo fardo e o pecado que nos envolve, corramos com perseveran\u00e7a para a corrida que nos \u00e9 proposta, com os olhos fixos naquele que \u00e9 o Autor e Realizador da f\u00e9, Jesus&#8221; (12,1s). Quem dera fiz\u00e9ssemos assim tamb\u00e9m: larg\u00e1ssemos tudo, deix\u00e1ssemos nossas tralhas e bagulhos, nossos apegos e quinquilharias e corr\u00eassemos para Jesus!<br \/> O cego foi curado&#8230; &#8220;e seguia Jesus pelo caminho&#8221;. Curado, iluminado por Jesus, agora seguia Jesus como disc\u00edpulo, caminhando com ele para Jerusal\u00e9m, para com ele morrer e com ele ressuscitar. Esta \u00e9 a nossa voca\u00e7\u00e3o, este deve ser o nosso itiner\u00e1rio, a nossa experi\u00eancia de f\u00e9! \u00c9 esse o caminho batismal: somos cegos \u00e0 beira do caminho que, acreditando em Jesus Cristo como Senhor, o Filho do Deus Vivo, passamos a ter uma vida iluminada, vivendo o nosso batismo, deixando para tr\u00e1s a vida velha como um manto e caminhando no seguimento de Jesus Cristo, experimentando, assim, a nossa alegria e liberta\u00e7\u00e3o de sermos colocado de volta no seio da Igreja, na terra prometida.<br \/> &#8220;Senhor, tua Igreja, peregrina no mundo, \u00e9 um povo de pobres, de fr\u00e1geis seres humanos. Mas confiamos em ti! N\u00e3o queremos colocar nossa for\u00e7a ou esperan\u00e7a no nosso prest\u00edgio, ou nas riquezas ou nos amigos poderosos ou nos elogios do mundo. N\u00e3o! Tu somente \u00e9s nossa for\u00e7a! Salva-nos, Senhor! Re\u00fane-nos, Senhor! Ilumina-nos, Senhor! D\u00e1-nos a gra\u00e7a de reconhecer que somente na tua luz poderemos ver a luz! O mundo chama luz, sabedoria e esperteza a coisas que s\u00e3o inaceit\u00e1veis aos teus olhos! Senhor, abre nossos olhos para caminharmos na tua luz at\u00e9 a cruz, at\u00e9 a ressurrei\u00e7\u00e3o, at\u00e9 \u00e0 vida. Senhor, arranca-nos da nossa cegueira, fazei-nos viver o nosso batismo. Am\u00e9m&#8221;!<\/p>\n","protected":false},"excerpt":{"rendered":"<p>Neste \u00faltimo domingo de outubro (XXX Domingo do Tempo Comum), m\u00eas do Ros\u00e1rio e das Miss\u00f5es e quando a Arquidiocese do Rio conclui o m\u00eas de Nossa Senhora da Penha, somos interpelados pela Palavra de Deus que nos chama a viver com generosidade e alegria o nosso Batismo como uma \u201cvida iluminada\u201d, ou seja, que [&hellip;]<\/p>\n","protected":false},"author":5,"featured_media":0,"comment_status":"open","ping_status":"open","sticky":false,"template":"","format":"standard","meta":{"footnotes":""},"categories":[9],"tags":[],"class_list":["post-12091","post","type-post","status-publish","format-standard","hentry","category-artigos"],"_links":{"self":[{"href":"https:\/\/catolicanet.net\/wp-cnet\/wp-json\/wp\/v2\/posts\/12091","targetHints":{"allow":["GET"]}}],"collection":[{"href":"https:\/\/catolicanet.net\/wp-cnet\/wp-json\/wp\/v2\/posts"}],"about":[{"href":"https:\/\/catolicanet.net\/wp-cnet\/wp-json\/wp\/v2\/types\/post"}],"author":[{"embeddable":true,"href":"https:\/\/catolicanet.net\/wp-cnet\/wp-json\/wp\/v2\/users\/5"}],"replies":[{"embeddable":true,"href":"https:\/\/catolicanet.net\/wp-cnet\/wp-json\/wp\/v2\/comments?post=12091"}],"version-history":[{"count":1,"href":"https:\/\/catolicanet.net\/wp-cnet\/wp-json\/wp\/v2\/posts\/12091\/revisions"}],"predecessor-version":[{"id":21897,"href":"https:\/\/catolicanet.net\/wp-cnet\/wp-json\/wp\/v2\/posts\/12091\/revisions\/21897"}],"wp:attachment":[{"href":"https:\/\/catolicanet.net\/wp-cnet\/wp-json\/wp\/v2\/media?parent=12091"}],"wp:term":[{"taxonomy":"category","embeddable":true,"href":"https:\/\/catolicanet.net\/wp-cnet\/wp-json\/wp\/v2\/categories?post=12091"},{"taxonomy":"post_tag","embeddable":true,"href":"https:\/\/catolicanet.net\/wp-cnet\/wp-json\/wp\/v2\/tags?post=12091"}],"curies":[{"name":"wp","href":"https:\/\/api.w.org\/{rel}","templated":true}]}}