{"id":12082,"date":"2015-10-22T12:50:45","date_gmt":"2015-10-22T14:50:45","guid":{"rendered":"http:\/\/catolicanet.net\/wp-cnet\/2015\/10\/22\/conic-promove-seminario-estadual-sobre-a-campanha-da-fraternidade-ecumenica-2016\/"},"modified":"2017-05-26T16:49:43","modified_gmt":"2017-05-26T19:49:43","slug":"conic-promove-seminario-estadual-sobre-a-campanha-da-fraternidade-ecumenica-2016","status":"publish","type":"post","link":"https:\/\/catolicanet.net\/wp-cnet\/conic-promove-seminario-estadual-sobre-a-campanha-da-fraternidade-ecumenica-2016\/","title":{"rendered":"Conic promove Semin\u00e1rio Estadual sobre a Campanha da Fraternidade Ecum\u00eanica 2016"},"content":{"rendered":"<p style=\"text-align: justify;\"><img decoding=\"async\" src=\"http:\/\/catolicanet.com.br\/images\/stories\/geral\/00 seminario_cfe_sul3_interna.jpg\" border=\"0\" align=\"left\" \/>CFE 2016 tem como foco &#8220;\u00e1gua e o saneamento b\u00e1sico&#8221;<\/p>\n<p>Regional Sul 3Com o objetivo de oferecer forma\u00e7\u00e3o sobre a Campanha da Fraternidade Ecum\u00eanica (CFE \u2013 2016), o Conselho Nacional de Igrejas Crist\u00e3s do Brasil (Conic) promoveu, por meio do Regional Sul 3 da Confer\u00eancia Nacional dos Bispos do Brasil (CNBB), um Semin\u00e1rio Estadual, nesta \u00faltima ter\u00e7a-feir, 20, no audit\u00f3rio da Livraria Paulinas, em Porto Alegre (RS).<\/p>\n<p>Cerca de oitenta pessoas de diversas cidades do Estado estiveram presentes no semin\u00e1rio, que teve como tema principal \u201cCasa Comum: nossa responsabilidade\u201d e o lema \u201cQuero ver o direito brotar como fonte e correr a justi\u00e7a qual riacho que n\u00e3o seca\u201d (Am 5,24). <\/p>\n<p>Organizado pelo Regional Sul 3, o semin\u00e1rio tamb\u00e9m contou com a presen\u00e7a e o apoio de membros da Igreja Episcopal Anglicana do Brasil e da Igreja Evang\u00e9lica de Confiss\u00e3o Luterana no Brasil.<\/p>\n<p>Segundo o secret\u00e1rio executivo do Regional Sul 3,padre Cesar Leandro Padilha, os objetivos da CFC consistem em \u201cassegurar o direito ao saneamento b\u00e1sico para todas as pessoas\u201d. Para ele, cabe a todos se empenharem, \u00e0 luz da f\u00e9, por pol\u00edticas e atitudes respons\u00e1veis que garantam a integridade e o futuro de nossa Casa Comum. <\/p>\n<p>J\u00e1 o professor de Engenharia da Universidade Federal do Rio Grande do Sul (UFRGS), Carlos Andr\u00e9 Mendes, comentou durante o semin\u00e1rio, que diante dos desastres ecol\u00f3gicos o problema n\u00e3o est\u00e1 na natureza, mas na rela\u00e7\u00e3o das pessoas. \u201cCada real investido em saneamento b\u00e1sico significa a economia de quatro reais na sa\u00fade p\u00fablica. Quando as pessoas olham muito para si mesmas as rela\u00e7\u00f5es morrem\u201d, afirmou.<\/p>\n<p>O tema da CFE ajuda a refletir sobre toda a quest\u00e3o de saneamento de \u00e1gua, esgoto, lixo, drenagem fluvial e a materializa\u00e7\u00e3o do plano municipal de saneamento. Segundo o professor, \u201ca \u00e1gua \u00e9 o indicador de sa\u00fade da terra, porque ela integraliza e soma todos os efeitos positivos e negativos, e isso n\u00e3o s\u00f3 entende a organiza\u00e7\u00e3o do ordenamento territorial como tamb\u00e9m a maneira como as pessoas colocam suas casas nos territ\u00f3rios, como o lixo \u00e9 produzido e coletado, e ainda a quest\u00e3o do esgoto ou a falta dele\u201d. Para ele, tudo fatalmente atinge as cidades e toda a nossa vida. <\/p>\n<p>Na ocasi\u00e3o, padre Clair Favreto da diocese de Erexim, apresentou sua tese de doutorado sobre a Campanha da Fraternidade e seus frutos. Dom Humberto Gon\u00e7alves, bispo da Igreja Episcopal Anglicana do Brasil, falou sobre o \u201cjulgar\u201d do Texto Base da CFE e o pastor Altemir Labres, da Igreja Evang\u00e9lica de Confiss\u00e3o Luterana no Brasil, exp\u00f4s as a\u00e7\u00f5es concretas propostas pela CFE.<\/p>\n<p>De acordo com o coordenador do semin\u00e1rio, Edson Costa, a partir deste semin\u00e1rio estadual as dioceses do Rio Grande do Sul e as Igrejas ligadas ao Conic come\u00e7ar\u00e3o a organizar semin\u00e1rios em suas regi\u00f5es. \u201cEste \u00e9 o primeiro impacto com a tem\u00e1tica da Campanha, que \u00e9 o saneamento b\u00e1sico\u201d, concluiu Costa. <br \/>Com informa\u00e7\u00f5es e foto do regional Sul 3 da CNBB<\/p>\n<p style=\"text-align: justify;\">Fonte: CNBB<\/p>\n","protected":false},"excerpt":{"rendered":"<p>CFE 2016 tem como foco &#8220;\u00e1gua e o saneamento b\u00e1sico&#8221; Regional Sul 3Com o objetivo de oferecer forma\u00e7\u00e3o sobre a Campanha da Fraternidade Ecum\u00eanica (CFE \u2013 2016), o Conselho Nacional de Igrejas Crist\u00e3s do Brasil (Conic) promoveu, por meio do Regional Sul 3 da Confer\u00eancia Nacional dos Bispos do Brasil (CNBB), um Semin\u00e1rio Estadual, nesta [&hellip;]<\/p>\n","protected":false},"author":1,"featured_media":0,"comment_status":"open","ping_status":"open","sticky":false,"template":"","format":"standard","meta":{"footnotes":""},"categories":[7],"tags":[],"class_list":["post-12082","post","type-post","status-publish","format-standard","hentry","category-cnbb"],"_links":{"self":[{"href":"https:\/\/catolicanet.net\/wp-cnet\/wp-json\/wp\/v2\/posts\/12082","targetHints":{"allow":["GET"]}}],"collection":[{"href":"https:\/\/catolicanet.net\/wp-cnet\/wp-json\/wp\/v2\/posts"}],"about":[{"href":"https:\/\/catolicanet.net\/wp-cnet\/wp-json\/wp\/v2\/types\/post"}],"author":[{"embeddable":true,"href":"https:\/\/catolicanet.net\/wp-cnet\/wp-json\/wp\/v2\/users\/1"}],"replies":[{"embeddable":true,"href":"https:\/\/catolicanet.net\/wp-cnet\/wp-json\/wp\/v2\/comments?post=12082"}],"version-history":[{"count":1,"href":"https:\/\/catolicanet.net\/wp-cnet\/wp-json\/wp\/v2\/posts\/12082\/revisions"}],"predecessor-version":[{"id":24103,"href":"https:\/\/catolicanet.net\/wp-cnet\/wp-json\/wp\/v2\/posts\/12082\/revisions\/24103"}],"wp:attachment":[{"href":"https:\/\/catolicanet.net\/wp-cnet\/wp-json\/wp\/v2\/media?parent=12082"}],"wp:term":[{"taxonomy":"category","embeddable":true,"href":"https:\/\/catolicanet.net\/wp-cnet\/wp-json\/wp\/v2\/categories?post=12082"},{"taxonomy":"post_tag","embeddable":true,"href":"https:\/\/catolicanet.net\/wp-cnet\/wp-json\/wp\/v2\/tags?post=12082"}],"curies":[{"name":"wp","href":"https:\/\/api.w.org\/{rel}","templated":true}]}}