{"id":12071,"date":"2015-10-21T18:15:40","date_gmt":"2015-10-21T20:15:40","guid":{"rendered":"http:\/\/catolicanet.net\/wp-cnet\/2015\/10\/21\/cardeal-schoenborn-nao-ha-nada-mais-estupendo-do-que-a-familia\/"},"modified":"2017-05-31T14:41:12","modified_gmt":"2017-05-31T17:41:12","slug":"cardeal-schoenborn-nao-ha-nada-mais-estupendo-do-que-a-familia","status":"publish","type":"post","link":"https:\/\/catolicanet.net\/wp-cnet\/cardeal-schoenborn-nao-ha-nada-mais-estupendo-do-que-a-familia\/","title":{"rendered":"Cardeal Sch\u00f6nborn: N\u00e3o h\u00e1 nada mais estupendo do que a fam\u00edlia"},"content":{"rendered":"<p style=\"text-align: justify;\">O S\u00ednodo j\u00e1 atingiu o objetivo principal: Um grande &#8216;sim&#8217; \u00e0 fam\u00edlia<\/p>\n<p>O Cardeal Christoph Sch\u00f6nborn disse que o S\u00ednodo dos Bispos j\u00e1 atingiu o objetivo principal: reafirmar um grande &#8220;sim&#8221; \u00e0 fam\u00edlia.<\/p>\n<p>Em declara\u00e7\u00f5es \u00e0 Zenit na semana passada, o arcebispo de Viena aplaudiu a nova metodologia escolhida pelo Papa Francisco para o S\u00ednodo, apesar das cr\u00edticas iniciais de que as mudan\u00e7as causaram &#8220;confus\u00e3o&#8221;.<\/p>\n<p>Em vez disso, disse o cardeal, a mudan\u00e7a \u00e9 &#8220;muito, muito \u00fatil, pois envolve cada um dos participantes\u201d.<\/p>\n<p>&#8220;H\u00e1 13 reuni\u00f5es em pequenos grupos, tr\u00eas vezes mais do que os s\u00ednodos precedentes. Com este m\u00e9todo &#8211; menos Plen\u00e1rias e mais grupos lingu\u00edsticos &#8211; mais direto, eu diria, gera um contato mais frutuoso para as discuss\u00f5es&#8221;, disse ele.<\/p>\n<p>O cardeal afirmou que ap\u00f3s os primeiros dias do S\u00ednodo, o ambiente estava mais tranquilo.<\/p>\n<p>&#8220;O fato \u00e9 que o tema da fam\u00edlia nos envolve muito; portanto, h\u00e1 uma tens\u00e3o em torno das quest\u00f5es, que envolve desafios &#8220;, destacou, acrescentando que \u00e9 uma &#8220;tens\u00e3o positiva\u201d porque mostra o cuidado e amor que a Igreja tem para com esta institui\u00e7\u00e3o fundamental que \u00e9 a fam\u00edlia\u201d.<\/p>\n<p>&#8220;O que me impressionou e me impressiona dia ap\u00f3s dia \u00e9 que &#8211; apesar das diferentes realidades, experi\u00eancias e problemas &#8211; os testemunhos de todo o mundo demonstram a mesma coisa: n\u00e3o h\u00e1 nenhum projeto mais estupendo do que a fam\u00edlia. \u00c9 verdadeiramente a obra do Criador&#8221;.<\/p>\n<p>&#8220;O \u00eaxito do matrim\u00f4nio e da fam\u00edlia vale muito mais do que todas as dificuldades e as crises que existem. O desejo do matrim\u00f4nio e da fam\u00edlia est\u00e1 verdadeiramente enraizada no mundo todo&#8221;, comentou o cardeal austr\u00edaco, afirmando que al\u00e9m de todos os resultados que este S\u00ednodo pode obter, j\u00e1 atingiu o principal objetivo: &#8220;Um grande sim da Igreja \u00e0 fam\u00edlia &#8211; uma grande esperan\u00e7a de que a fam\u00edlia \u00e9 mais forte do que todas as crises&#8221;.<\/p>\n<p style=\"text-align: justify;\">Fonte: Zenit<\/p>\n","protected":false},"excerpt":{"rendered":"<p>O S\u00ednodo j\u00e1 atingiu o objetivo principal: Um grande &#8216;sim&#8217; \u00e0 fam\u00edlia O Cardeal Christoph Sch\u00f6nborn disse que o S\u00ednodo dos Bispos j\u00e1 atingiu o objetivo principal: reafirmar um grande &#8220;sim&#8221; \u00e0 fam\u00edlia. Em declara\u00e7\u00f5es \u00e0 Zenit na semana passada, o arcebispo de Viena aplaudiu a nova metodologia escolhida pelo Papa Francisco para o S\u00ednodo, [&hellip;]<\/p>\n","protected":false},"author":1,"featured_media":0,"comment_status":"open","ping_status":"open","sticky":false,"template":"","format":"standard","meta":{"footnotes":""},"categories":[4],"tags":[],"class_list":["post-12071","post","type-post","status-publish","format-standard","hentry","category-cotidiano"],"_links":{"self":[{"href":"https:\/\/catolicanet.net\/wp-cnet\/wp-json\/wp\/v2\/posts\/12071","targetHints":{"allow":["GET"]}}],"collection":[{"href":"https:\/\/catolicanet.net\/wp-cnet\/wp-json\/wp\/v2\/posts"}],"about":[{"href":"https:\/\/catolicanet.net\/wp-cnet\/wp-json\/wp\/v2\/types\/post"}],"author":[{"embeddable":true,"href":"https:\/\/catolicanet.net\/wp-cnet\/wp-json\/wp\/v2\/users\/1"}],"replies":[{"embeddable":true,"href":"https:\/\/catolicanet.net\/wp-cnet\/wp-json\/wp\/v2\/comments?post=12071"}],"version-history":[{"count":1,"href":"https:\/\/catolicanet.net\/wp-cnet\/wp-json\/wp\/v2\/posts\/12071\/revisions"}],"predecessor-version":[{"id":26799,"href":"https:\/\/catolicanet.net\/wp-cnet\/wp-json\/wp\/v2\/posts\/12071\/revisions\/26799"}],"wp:attachment":[{"href":"https:\/\/catolicanet.net\/wp-cnet\/wp-json\/wp\/v2\/media?parent=12071"}],"wp:term":[{"taxonomy":"category","embeddable":true,"href":"https:\/\/catolicanet.net\/wp-cnet\/wp-json\/wp\/v2\/categories?post=12071"},{"taxonomy":"post_tag","embeddable":true,"href":"https:\/\/catolicanet.net\/wp-cnet\/wp-json\/wp\/v2\/tags?post=12071"}],"curies":[{"name":"wp","href":"https:\/\/api.w.org\/{rel}","templated":true}]}}