{"id":12053,"date":"2015-10-20T17:02:48","date_gmt":"2015-10-20T19:02:48","guid":{"rendered":"http:\/\/catolicanet.net\/wp-cnet\/2015\/10\/20\/de-drogado-a-franciscano-uma-trajetoria-de-sofrimento-conversao-e-finalmente-paz\/"},"modified":"2017-05-30T15:08:17","modified_gmt":"2017-05-30T18:08:17","slug":"de-drogado-a-franciscano-uma-trajetoria-de-sofrimento-conversao-e-finalmente-paz","status":"publish","type":"post","link":"https:\/\/catolicanet.net\/wp-cnet\/de-drogado-a-franciscano-uma-trajetoria-de-sofrimento-conversao-e-finalmente-paz\/","title":{"rendered":"De drogado a franciscano: uma trajet\u00f3ria de sofrimento, convers\u00e3o e, finalmente, paz!"},"content":{"rendered":"<p style=\"text-align: justify;\"><img decoding=\"async\" src=\"http:\/\/catolicanet.com.br\/images\/stories\/fray-daniele.png\" border=\"0\" align=\"left\" \/>Antes do chamado de Deus, a vida deste jovem de 32 anos era marcada pelo sofrimento<\/p>\n<p>O italiano Daniele Maria Piras \u00e9 um jovem franciscano de 32 anos, nascido na ilha da Sardenha e protagonista de uma vida que, antes do chamado de Deus \u00e0 Ordem dos Frades Menores, foi marcada por um profundo sofrimento e falta de sentido.<\/p>\n<p>\u201cDesde que eu era pequeno, principalmente por causa de problemas econ\u00f4micos, a minha fam\u00edlia vivia grandes dificuldades de relacionamento, em especial entre a minha m\u00e3e e o meu pai. Quando terminei o ensino m\u00e9dio, comecei a trabalhar com o meu pai na empresa dele de constru\u00e7\u00e3o. Naqueles anos, para fugir da press\u00e3o da fam\u00edlia, comecei a ter \u2018m\u00e1s companhias\u2019, a beber, usar drogas \u2018leves\u2019, depois mais pesadas\u2026 Inclusive para anestesiar a dor que eu sentia no cora\u00e7\u00e3o\u201d, conta Daniele na \u2018Rivista Porziuncola\u2019, dos franciscanos.<\/p>\n<p>O abuso das drogas o transformou em dependente qu\u00edmico aos 16 anos. \u201cDurante sete anos eu n\u00e3o consegui sair daquela escravid\u00e3o. Sabia que era ruim, mas j\u00e1 estava no c\u00edrculo vicioso, n\u00e3o podia evitar. Eu era muito fraco e, quando quis sair, notei que era tarde e que a minha vontade estava muito fr\u00e1gil. Procurei psic\u00f3logos, tomei medicamentos para a abstin\u00eancia, mas os resultados foram poucos\u201d.<\/p>\n<p>Daniele escondeu a situa\u00e7\u00e3o da fam\u00edlia no come\u00e7o, mas seus pais se deram conta com o tempo. \u201cA minha m\u00e3e me deu for\u00e7a, ficou perto de mim e me amava do jeito que eu era\u201d.<\/p>\n<p>Foi justamente por meio da m\u00e3e que a paz voltou para o lar de Daniele: \u201cQuando ela era jovem, logo depois que recebeu os sacramentos, a minha m\u00e3e tinha se afastado da Igreja, mas, v\u00e1rios anos depois, se reaproximou por causa da rela\u00e7\u00e3o dolorosa que estava vivendo com o meu pai. Aquela rela\u00e7\u00e3o era a sua cruz: aquela cruz tinha um nome, meu pai, Carlo, que estava numa situa\u00e7\u00e3o muito dif\u00edcil depois de ter perdido o trabalho\u201d.<\/p>\n<p>O jovem franciscano conta que a m\u00e3e encontrou consolo num grupo de amigas que rezavam o ter\u00e7o: \u201cMaria a reconduziu ao Filho dela: na ora\u00e7\u00e3o, na Palavra, nos sacramentos. Foi l\u00e1 que ela encontrou a for\u00e7a para viver aquela situa\u00e7\u00e3o de dor e decidiu ficar do lado do meu pai e am\u00e1-lo como ele era (\u2026) Isso ajudou Aquele que venceu a morte a levar a salva\u00e7\u00e3o para a nossa fam\u00edlia e renovar todas as coisas\u201d.<\/p>\n<p>O testemunho de f\u00e9 da m\u00e3e logo serviu de exemplo para a irm\u00e3 de Daniele, Chiara Redenta, que sentiu o chamado de Jesus e entrou na ordem das clarissas em 2005. \u201cA minha experi\u00eancia de morte, assim como o testemunho da minha m\u00e3e e da minha irm\u00e3, me levaram a pedir ajudar e eu comecei a invocar o nome do Senhor\u201d.<\/p>\n<p>A convers\u00e3o chegou em novembro de 2006, quando a m\u00e3e o convidou a participar de um congresso na Solenidade de Cristo Rei do Universo. \u201cA Palavra que guiava o Congresso era um vers\u00edculo do Salmo 107, 14: \u2018Ele os tirou das trevas e da sombra de morte e rompeu as suas correntes\u2019. Participei da catequese de um padre franciscano. Parecia que eu tinha contado a minha hist\u00f3ria para ele\u2026 Ele explicava como o mal, atrav\u00e9s das atra\u00e7\u00f5es do mundo, que apresenta uma felicidade aparente, tenta destruir o nosso corpo, que \u00e9 o templo do Esp\u00edrito Santo, morada de Deus, lugar onde podemos fazer a experi\u00eancia d\u2019Ele\u201d.<\/p>\n<p>O jovem decidiu falar com o sacerdote franciscano, contar que era viciado em drogas e pedir ora\u00e7\u00f5es. \u201cO frade me convidou a pedir que Jesus interviesse, me aben\u00e7oasse, e eu voltei para o meu lugar. Depois passou um sacerdote com Jesus Eucaristia no meio de 600 pessoas (\u2026) Jesus passou do meu lado! Depois voltou para o altar e eu senti dentro de mim o desejo de ir l\u00e1 toc\u00e1-lo (\u2026) Eu o toquei e voltei para o meu lugar\u201d.<\/p>\n<p>Menos de dois anos depois desta experi\u00eancia, em 29 de setembro de 2008, e ap\u00f3s duas conviv\u00eancias com os franciscanos em Assis, o jovem Daniele entrou no postulantado dos Frades Menores.<\/p>\n<p>\u201cO sofrimento da nossa fam\u00edlia se revelou pedag\u00f3gico: acolhido na f\u00e9, ele preparou os nossos cora\u00e7\u00f5es para acolher o Mist\u00e9rio (\u2026) S\u00f3 Ele diz: \u2018Eu vim para que tenham vida e vida em abund\u00e2ncia\u201d, compartilha o jovem franciscano.<\/p>\n<p style=\"text-align: justify;\">Com informa\u00e7\u00f5es dos sites assisiofm.it<\/p>\n<p style=\"text-align: justify;\">Fonte: Aleteia<\/p>\n","protected":false},"excerpt":{"rendered":"<p>Antes do chamado de Deus, a vida deste jovem de 32 anos era marcada pelo sofrimento O italiano Daniele Maria Piras \u00e9 um jovem franciscano de 32 anos, nascido na ilha da Sardenha e protagonista de uma vida que, antes do chamado de Deus \u00e0 Ordem dos Frades Menores, foi marcada por um profundo sofrimento [&hellip;]<\/p>\n","protected":false},"author":1,"featured_media":0,"comment_status":"open","ping_status":"open","sticky":false,"template":"","format":"standard","meta":{"footnotes":""},"categories":[4],"tags":[],"class_list":["post-12053","post","type-post","status-publish","format-standard","hentry","category-cotidiano"],"_links":{"self":[{"href":"https:\/\/catolicanet.net\/wp-cnet\/wp-json\/wp\/v2\/posts\/12053","targetHints":{"allow":["GET"]}}],"collection":[{"href":"https:\/\/catolicanet.net\/wp-cnet\/wp-json\/wp\/v2\/posts"}],"about":[{"href":"https:\/\/catolicanet.net\/wp-cnet\/wp-json\/wp\/v2\/types\/post"}],"author":[{"embeddable":true,"href":"https:\/\/catolicanet.net\/wp-cnet\/wp-json\/wp\/v2\/users\/1"}],"replies":[{"embeddable":true,"href":"https:\/\/catolicanet.net\/wp-cnet\/wp-json\/wp\/v2\/comments?post=12053"}],"version-history":[{"count":1,"href":"https:\/\/catolicanet.net\/wp-cnet\/wp-json\/wp\/v2\/posts\/12053\/revisions"}],"predecessor-version":[{"id":24624,"href":"https:\/\/catolicanet.net\/wp-cnet\/wp-json\/wp\/v2\/posts\/12053\/revisions\/24624"}],"wp:attachment":[{"href":"https:\/\/catolicanet.net\/wp-cnet\/wp-json\/wp\/v2\/media?parent=12053"}],"wp:term":[{"taxonomy":"category","embeddable":true,"href":"https:\/\/catolicanet.net\/wp-cnet\/wp-json\/wp\/v2\/categories?post=12053"},{"taxonomy":"post_tag","embeddable":true,"href":"https:\/\/catolicanet.net\/wp-cnet\/wp-json\/wp\/v2\/tags?post=12053"}],"curies":[{"name":"wp","href":"https:\/\/api.w.org\/{rel}","templated":true}]}}