{"id":12047,"date":"2015-10-20T13:29:29","date_gmt":"2015-10-20T15:29:29","guid":{"rendered":"http:\/\/catolicanet.net\/wp-cnet\/2015\/10\/20\/os-missionarios-nao-se-fabricam-por-encomenda\/"},"modified":"2017-06-02T14:39:20","modified_gmt":"2017-06-02T17:39:20","slug":"os-missionarios-nao-se-fabricam-por-encomenda","status":"publish","type":"post","link":"https:\/\/catolicanet.net\/wp-cnet\/os-missionarios-nao-se-fabricam-por-encomenda\/","title":{"rendered":"\u201cOs mission\u00e1rios n\u00e3o se fabricam por encomenda\u201d"},"content":{"rendered":"<p style=\"text-align: justify;\"><img decoding=\"async\" src=\"http:\/\/catolicanet.com.br\/images\/stories\/geral\/rv10349_articolo.jpg\" border=\"0\" align=\"left\" \/>O alerta \u00e9 do Presidente da Comiss\u00e3o Episcopal Miss\u00e3o e Nova Evangeliza\u00e7\u00e3o em Portugal e foi lan\u00e7ado no passado domingo, 18 de Outubro, na Missa do Dia Mundial das Miss\u00f5es, na par\u00f3quia de Carnaxide, em Lisboa, transmitida pela TVI.<\/p>\n<p>Na sua homilia, D. Manuel Linda lembrou que a Igreja em Portugal s\u00f3 ultrapassa os problemas internos se se organizar de \u201cmaneira mission\u00e1ria\u201d e referiu-se ainda ao s\u00ednodo dos bispos sobre a fam\u00edlia que decorre no Vaticano para dizer que \u00abn\u00e3o \u00e9 um duelo\u00bb entre \u00abconservadores\u00bb e \u00abprogressistas\u00bb e que \u201cn\u00e3o est\u00e1 em causa \u2013 nem poderia estar &#8211; mudar qualquer aspeto doutrinal sobre o matrim\u00f3nio\u201d.<\/p>\n<p>Nesta concelebra\u00e7\u00e3o em que participou o bispo de Zaria, na Nig\u00e9ria, D. George Jonathan Dodo, D.Manuel Linda sublinhou ainda a dram\u00e1tica situa\u00e7\u00e3o dos crist\u00e3os perseguidos e os refugiados que chegam \u00e0 Europa, provenientes especialmente do M\u00e9dio Oriente.<\/p>\n<p>De Lisboa, Domingos Pinto.<\/p>\n<p style=\"text-align: justify;\">Fonte: R\u00e1dio Vaticano<\/p>\n","protected":false},"excerpt":{"rendered":"<p>O alerta \u00e9 do Presidente da Comiss\u00e3o Episcopal Miss\u00e3o e Nova Evangeliza\u00e7\u00e3o em Portugal e foi lan\u00e7ado no passado domingo, 18 de Outubro, na Missa do Dia Mundial das Miss\u00f5es, na par\u00f3quia de Carnaxide, em Lisboa, transmitida pela TVI. Na sua homilia, D. Manuel Linda lembrou que a Igreja em Portugal s\u00f3 ultrapassa os problemas [&hellip;]<\/p>\n","protected":false},"author":1,"featured_media":0,"comment_status":"open","ping_status":"open","sticky":false,"template":"","format":"standard","meta":{"footnotes":""},"categories":[3],"tags":[],"class_list":["post-12047","post","type-post","status-publish","format-standard","hentry","category-vaticano"],"_links":{"self":[{"href":"https:\/\/catolicanet.net\/wp-cnet\/wp-json\/wp\/v2\/posts\/12047","targetHints":{"allow":["GET"]}}],"collection":[{"href":"https:\/\/catolicanet.net\/wp-cnet\/wp-json\/wp\/v2\/posts"}],"about":[{"href":"https:\/\/catolicanet.net\/wp-cnet\/wp-json\/wp\/v2\/types\/post"}],"author":[{"embeddable":true,"href":"https:\/\/catolicanet.net\/wp-cnet\/wp-json\/wp\/v2\/users\/1"}],"replies":[{"embeddable":true,"href":"https:\/\/catolicanet.net\/wp-cnet\/wp-json\/wp\/v2\/comments?post=12047"}],"version-history":[{"count":1,"href":"https:\/\/catolicanet.net\/wp-cnet\/wp-json\/wp\/v2\/posts\/12047\/revisions"}],"predecessor-version":[{"id":28711,"href":"https:\/\/catolicanet.net\/wp-cnet\/wp-json\/wp\/v2\/posts\/12047\/revisions\/28711"}],"wp:attachment":[{"href":"https:\/\/catolicanet.net\/wp-cnet\/wp-json\/wp\/v2\/media?parent=12047"}],"wp:term":[{"taxonomy":"category","embeddable":true,"href":"https:\/\/catolicanet.net\/wp-cnet\/wp-json\/wp\/v2\/categories?post=12047"},{"taxonomy":"post_tag","embeddable":true,"href":"https:\/\/catolicanet.net\/wp-cnet\/wp-json\/wp\/v2\/tags?post=12047"}],"curies":[{"name":"wp","href":"https:\/\/api.w.org\/{rel}","templated":true}]}}