{"id":12046,"date":"2015-10-20T13:23:32","date_gmt":"2015-10-20T15:23:32","guid":{"rendered":"http:\/\/catolicanet.net\/wp-cnet\/2015\/10\/20\/italia-padre-jose-tolentino-mendonca-vence-premio-literario\/"},"modified":"2017-05-31T15:36:38","modified_gmt":"2017-05-31T18:36:38","slug":"italia-padre-jose-tolentino-mendonca-vence-premio-literario","status":"publish","type":"post","link":"https:\/\/catolicanet.net\/wp-cnet\/italia-padre-jose-tolentino-mendonca-vence-premio-literario\/","title":{"rendered":"It\u00e1lia: Padre Jos\u00e9 Tolentino Mendon\u00e7a vence Pr\u00e9mio liter\u00e1rio"},"content":{"rendered":"<p style=\"text-align: justify;\"><img decoding=\"async\" src=\"http:\/\/catolicanet.com.br\/images\/stories\/00 edicao.jpg\" border=\"0\" align=\"left\" \/>O padre e escritor Jos\u00e9 Tolentino Mendon\u00e7a foi galardoado com o Pr\u00e9mio liter\u00e1rio \u2018Res Magnae 2015\u2019, uma distin\u00e7\u00e3o italiana atribu\u00edda no campo da ensa\u00edstica, com a obra \u2018A M\u00edstica do Instante\u2019.<\/p>\n<p>Num comunicado enviado hoje \u00e0 Ag\u00eancia ECCLESIA, a Paulinas Editora informa que a cerim\u00f4nia de entrega do pr\u00e9mio est\u00e1 marcada para o dia 19 de novembro, em Roma.<\/p>\n<p>No ensaio \u2018A M\u00edstica do Instante\u2019, o padre Tolentino Mendon\u00e7a sustenta que h\u00e1 um Evangelho que \u201cs\u00f3 a pele apreende\u201d, que \u201ca fraternidade se exprime tamb\u00e9m pelo tato\u201d, escrevendo que \u201co p\u00e3o da Eucaristia \u00e9 o p\u00e3o de mil sabores\u201d e que \u201co odor permite uma aprendizagem do invis\u00edvel\u201d.<\/p>\n<p>\u201c\u00c9 imposs\u00edvel pensar um caminho de f\u00e9 que n\u00e3o tenha a ver com o que ouvimos, o que vemos, o que tateamos, o que nos chega atrav\u00e9s do odor, muitas vezes invis\u00edvel, ou ent\u00e3o do sabor de Deus\u201d, afirmou o sacerdote e poeta madeirense, em entrevista \u00e0 Ag\u00eancia ECCLESIA, aquando a publica\u00e7\u00e3o da obra.<\/p>\n<p>Segundo o tamb\u00e9m vice-reitor da Universidade Cat\u00f3lica Portuguesa, n\u2019 \u2018A M\u00edstica do Instante \u2013 o tempo e a promessa\u2019 o objetivo \u00e9 \u201cconversar\u201d.<\/p>\n<p>\u201cN\u00e3o \u00e9 uma conversa que foge \u00e0s quest\u00f5es mais imediatas do dia-a-dia, mas n\u00e3o \u00e9 abstrata, sobre querubins e serafins, mas sobre a vida, sobre a pessoa humana, sobre o que n\u00f3s somos e demasiadas vezes \u00e9 deixado submerso e adiado\u201d, disse o tamb\u00e9m consultor do Conselho Pontif\u00edcio para a Cultura (Santa S\u00e9).<\/p>\n<p>A Paulinas Editora, que publica a obras do padre Jos\u00e9 Tolentino Mendon\u00e7a, destaca que para al\u00e9m de ensa\u00edsta, as obras po\u00e9ticas s\u00e3o reconhecidas como \u201centre as mais marcantes no panorama nacional\u201d.<\/p>\n<p>\u201cOs seus livros conhecem um grande sucesso em Portugal e s\u00e3o cada vez mais traduzidos internacional\u201d, acrescenta a editora, revelando que os direitos internacionais da \u2018M\u00edstica do Instante\u2019 para al\u00e9m de It\u00e1lia s\u00e3o vendidos nos Estados Unidos e Canad\u00e1, Brasil, Filipinas e Rep\u00fablica Checa, entre outros.<\/p>\n<p style=\"text-align: justify;\">Fonte: Agencia Eclesia<\/p>\n","protected":false},"excerpt":{"rendered":"<p>O padre e escritor Jos\u00e9 Tolentino Mendon\u00e7a foi galardoado com o Pr\u00e9mio liter\u00e1rio \u2018Res Magnae 2015\u2019, uma distin\u00e7\u00e3o italiana atribu\u00edda no campo da ensa\u00edstica, com a obra \u2018A M\u00edstica do Instante\u2019. Num comunicado enviado hoje \u00e0 Ag\u00eancia ECCLESIA, a Paulinas Editora informa que a cerim\u00f4nia de entrega do pr\u00e9mio est\u00e1 marcada para o dia 19 [&hellip;]<\/p>\n","protected":false},"author":1,"featured_media":0,"comment_status":"open","ping_status":"open","sticky":false,"template":"","format":"standard","meta":{"footnotes":""},"categories":[4],"tags":[],"class_list":["post-12046","post","type-post","status-publish","format-standard","hentry","category-cotidiano"],"_links":{"self":[{"href":"https:\/\/catolicanet.net\/wp-cnet\/wp-json\/wp\/v2\/posts\/12046","targetHints":{"allow":["GET"]}}],"collection":[{"href":"https:\/\/catolicanet.net\/wp-cnet\/wp-json\/wp\/v2\/posts"}],"about":[{"href":"https:\/\/catolicanet.net\/wp-cnet\/wp-json\/wp\/v2\/types\/post"}],"author":[{"embeddable":true,"href":"https:\/\/catolicanet.net\/wp-cnet\/wp-json\/wp\/v2\/users\/1"}],"replies":[{"embeddable":true,"href":"https:\/\/catolicanet.net\/wp-cnet\/wp-json\/wp\/v2\/comments?post=12046"}],"version-history":[{"count":1,"href":"https:\/\/catolicanet.net\/wp-cnet\/wp-json\/wp\/v2\/posts\/12046\/revisions"}],"predecessor-version":[{"id":26928,"href":"https:\/\/catolicanet.net\/wp-cnet\/wp-json\/wp\/v2\/posts\/12046\/revisions\/26928"}],"wp:attachment":[{"href":"https:\/\/catolicanet.net\/wp-cnet\/wp-json\/wp\/v2\/media?parent=12046"}],"wp:term":[{"taxonomy":"category","embeddable":true,"href":"https:\/\/catolicanet.net\/wp-cnet\/wp-json\/wp\/v2\/categories?post=12046"},{"taxonomy":"post_tag","embeddable":true,"href":"https:\/\/catolicanet.net\/wp-cnet\/wp-json\/wp\/v2\/tags?post=12046"}],"curies":[{"name":"wp","href":"https:\/\/api.w.org\/{rel}","templated":true}]}}