{"id":12029,"date":"2015-10-19T12:41:37","date_gmt":"2015-10-19T14:41:37","guid":{"rendered":"http:\/\/catolicanet.net\/wp-cnet\/2015\/10\/19\/igreja-se-une-em-apelo-a-cop21\/"},"modified":"2017-06-02T10:59:58","modified_gmt":"2017-06-02T13:59:58","slug":"igreja-se-une-em-apelo-a-cop21","status":"publish","type":"post","link":"https:\/\/catolicanet.net\/wp-cnet\/igreja-se-une-em-apelo-a-cop21\/","title":{"rendered":"Igreja se une em apelo \u00e0 COP21"},"content":{"rendered":"<p style=\"text-align: justify;\"><img decoding=\"async\" src=\"http:\/\/catolicanet.com.br\/images\/stories\/reuters981392_articolo.jpg\" border=\"0\" align=\"left\" \/>Partindo da inspira\u00e7\u00e3o na Enc\u00edclica do Papa \u2018Laudato si\u2019, o Pontif\u00edcio Conselho da Justi\u00e7a e da Paz est\u00e1 lan\u00e7ando um apelo em vista da Confer\u00eancia sobre as Mudan\u00e7as Clim\u00e1ticas, COP 21, marcada para Paris, de 30 de novembro a 11 de dezembro pr\u00f3ximos.<\/p>\n<p>O documento se intitula \u201cApelo de Cardeais, Patriarcas e Bispos de diversas partes do mundo \u00e0 COP21\u201d e ser\u00e1 apresentado segunda-feira (26\/10) aos jornalistas, na Sala de Imprensa da Santa S\u00e9. No in\u00edcio do encontro, haver\u00e1 a assinatura do Apelo por alguns representantes do Episcopado mundial. <\/p>\n<p>Quem estar\u00e1 presente<\/p>\n<p>Participar\u00e3o da coletiva os Cardeais Oswald Gracias, Presidente da Federa\u00e7\u00e3o das Confer\u00eancias Episcopais Asi\u00e1ticas (FABC), Arcebispo de Bombaim (\u00cdndia); e Rub\u00e9n Salazar G\u00f3mez, Presidente do\u00a0 Conselho Episcopal latino-americano (CELAM), Arcebispo de Bogot\u00e1 (Col\u00f4mbia). Tamb\u00e9m falar\u00e3o com a imprensa representantes de Associa\u00e7\u00f5es Continentais de Confer\u00eancias Episcopais da Oceania e da Europa. Como convidado especial, estar\u00e1 presente o Prof. Jean-Pascal van Ypersele de Strihou, Universidade Cat\u00f3lica de Lovaina (B\u00e9lgica).<\/p>\n<p>Assista ao vivo<\/p>\n<p>O apelo estar\u00e1 dispon\u00edvel no site da Alian\u00e7a Internacional de Organiza\u00e7\u00f5es Cat\u00f3licas de Desenvolvimento, www.cidse.org. A coletiva poder\u00e1 ser vista ao vivo em streaming pelo \u2018player\u2019 da R\u00e1dio Vaticano ou em nosso canal no Youtube.<\/p>\n<p>Voc\u00ea pode baixar a aplica\u00e7\u00e3o para Android, iPhone e Windowsphone diretamente em nossa p\u00e1gina.<\/p>\n<p>Fonte: R\u00e1dio Vaticano<\/p>\n","protected":false},"excerpt":{"rendered":"<p>Partindo da inspira\u00e7\u00e3o na Enc\u00edclica do Papa \u2018Laudato si\u2019, o Pontif\u00edcio Conselho da Justi\u00e7a e da Paz est\u00e1 lan\u00e7ando um apelo em vista da Confer\u00eancia sobre as Mudan\u00e7as Clim\u00e1ticas, COP 21, marcada para Paris, de 30 de novembro a 11 de dezembro pr\u00f3ximos. O documento se intitula \u201cApelo de Cardeais, Patriarcas e Bispos de diversas [&hellip;]<\/p>\n","protected":false},"author":1,"featured_media":0,"comment_status":"open","ping_status":"open","sticky":false,"template":"","format":"standard","meta":{"footnotes":""},"categories":[3],"tags":[],"class_list":["post-12029","post","type-post","status-publish","format-standard","hentry","category-vaticano"],"_links":{"self":[{"href":"https:\/\/catolicanet.net\/wp-cnet\/wp-json\/wp\/v2\/posts\/12029","targetHints":{"allow":["GET"]}}],"collection":[{"href":"https:\/\/catolicanet.net\/wp-cnet\/wp-json\/wp\/v2\/posts"}],"about":[{"href":"https:\/\/catolicanet.net\/wp-cnet\/wp-json\/wp\/v2\/types\/post"}],"author":[{"embeddable":true,"href":"https:\/\/catolicanet.net\/wp-cnet\/wp-json\/wp\/v2\/users\/1"}],"replies":[{"embeddable":true,"href":"https:\/\/catolicanet.net\/wp-cnet\/wp-json\/wp\/v2\/comments?post=12029"}],"version-history":[{"count":1,"href":"https:\/\/catolicanet.net\/wp-cnet\/wp-json\/wp\/v2\/posts\/12029\/revisions"}],"predecessor-version":[{"id":28029,"href":"https:\/\/catolicanet.net\/wp-cnet\/wp-json\/wp\/v2\/posts\/12029\/revisions\/28029"}],"wp:attachment":[{"href":"https:\/\/catolicanet.net\/wp-cnet\/wp-json\/wp\/v2\/media?parent=12029"}],"wp:term":[{"taxonomy":"category","embeddable":true,"href":"https:\/\/catolicanet.net\/wp-cnet\/wp-json\/wp\/v2\/categories?post=12029"},{"taxonomy":"post_tag","embeddable":true,"href":"https:\/\/catolicanet.net\/wp-cnet\/wp-json\/wp\/v2\/tags?post=12029"}],"curies":[{"name":"wp","href":"https:\/\/api.w.org\/{rel}","templated":true}]}}