{"id":12023,"date":"2015-10-19T12:02:45","date_gmt":"2015-10-19T14:02:45","guid":{"rendered":"http:\/\/catolicanet.net\/wp-cnet\/2015\/10\/19\/festival-de-musica-e-arte-sacra-inspirado-em-joao-paulo-ii-volta-a-roma\/"},"modified":"2017-05-30T15:10:55","modified_gmt":"2017-05-30T18:10:55","slug":"festival-de-musica-e-arte-sacra-inspirado-em-joao-paulo-ii-volta-a-roma","status":"publish","type":"post","link":"https:\/\/catolicanet.net\/wp-cnet\/festival-de-musica-e-arte-sacra-inspirado-em-joao-paulo-ii-volta-a-roma\/","title":{"rendered":"Festival de M\u00fasica e Arte Sacra inspirado em Jo\u00e3o Paulo II volta a Roma"},"content":{"rendered":"<p style=\"text-align: justify;\"><img decoding=\"async\" src=\"http:\/\/catolicanet.com.br\/images\/stories\/ansa675932_articolo.jpg\" border=\"0\" align=\"left\" \/>Um festival dedicado a Jo\u00e3o Paulo II dez anos ap\u00f3s a sua morte,\u00a0 inspirado nos valores do di\u00e1logo, da paz e da caridade. Este \u00e9 o objetivo da XIV edi\u00e7\u00e3o do Festival de M\u00fasica e Arte Sacra que retorna a Roma de 28 de outubro a 4 de novembro. Como nos anos precedentes, as Bas\u00edlicas Papais acolher\u00e3o os concertos com artistas provenientes de 9 pa\u00edses. A Wiener Philharmoniker, da \u00c1ustria, abrir\u00e1 o festival com um repert\u00f3rio sacro contempor\u00e2neo, voltado ao di\u00e1logo ecum\u00eanico, mantendo tamb\u00e9m o compromisso pela coleta de fundos destinados \u00e0 restaura\u00e7\u00e3o das mais belas igrejas da Cidade Eterna.<\/p>\n<p>\u201cN\u00f3s procuramos, por meio da m\u00fasica sacra, levar as pessoas ao Senhor, sensibilizando-as nestas belas bas\u00edlicas. Quando elas ouvem esta bela m\u00fasica, que tamb\u00e9m\u00a0 pensem que estas bas\u00edlicas devem ser restauradas\u201d. Nas palavras de Hans Albert Courtial, Presidente da Funda\u00e7\u00e3o Pro Musica e Arte Sacra, a ess\u00eancia do Festival nascido h\u00e1 14 anos, reside na f\u00e9, na arte e na beleza. O mesmo entusiasmo\u00a0 pela escolha em dedic\u00e1-lo\u00a0 e confi\u00e1-lo a S\u00e3o Jo\u00e3o Paulo II \u00e9 compartilhado pelo Arcipreste da Bas\u00edlica de S\u00e3o Pedro, Cardeal Angelo Comastri: \u201cJ\u00e1 na juventude, tendo vivido no contexto da II Guerra Mundial, nos ensinou a n\u00e3o nos resignarmos ao mal\u201d:<\/p>\n<p>\u201cEste jovem de 21 anos, em um contexto de viol\u00eancia, em um abismo de maldade, que disse: \u201cSenhor, coloco \u00e0 tua disposi\u00e7\u00e3o a minha vida para abrir estrada na hist\u00f3ria dos homens\u201d. E assim o fez. Hoje o mundo est\u00e1 vivendo momentos de escurid\u00e3o e devemos fazer como ele: Deus tem necessidade disto, de homens assim\u201d.<\/p>\n<p>O encontro mais esperado este ano ser\u00e1 no dia 28 de outubro na Bas\u00edlica de S\u00e3o Paulo fora-dos-muros, com a execu\u00e7\u00e3o da 7\u00aa e 8\u00aa\u00a0 Sinfonia de Beethoven \u00e0 cargo da c\u00e9lebre Wiener Philharmoniker, dirigida por um dos m\u00e1ximos maestros vivos, Herbert Blomstedt, na presen\u00e7a e em honra dos Pr\u00edncipes de Liechtenstein, grandes apoiadores do festival.<\/p>\n<p>Mas tamb\u00e9m existem curiosidades e desafios nesta XIV edi\u00e7\u00e3o, como a abertura \u00e0 m\u00fasica sacra contempor\u00e2nea. Programado para 31 de outubro, o Coral sueco de C\u00e2mara St Jacobs, dirigido por Garry Garden. No encerramento do Festival, por sua vez, a execu\u00e7\u00e3o da Toccata, Canzone e Fuga em R\u00e9 maior para \u00f3rg\u00e3o, com Giovanni Allevi.<\/p>\n<p>Respondendo a uma voca\u00e7\u00e3o de di\u00e1logo e paz, o Festival\u00a0 acolher\u00e1 no dia 31 de outubro, na Bas\u00edlica S\u00e3o Paulo fora-dos-muros, o concerto do Coral e da Orquestra das Na\u00e7\u00f5es, dirigida por Justus Frantz, e na qual s\u00e9rvios e eslovenos, israelenses e s\u00edrios, franceses e chineses, russos e ucranianos falar\u00e3o uma l\u00edngua comum chamada m\u00fasica. Tamb\u00e9m nesta edi\u00e7\u00e3o se renova a voca\u00e7\u00e3o do Festival em promover um caminho ecum\u00eanico em um projeto iniciado em 2013, e que reunir\u00e1 os cantores do Coral da Capela Musical Pontif\u00edcia Sistina e os componentes do luterano St Jacob&#8217;s Chamber Choir, de Estocolmo, que juntos prepararam o programa do concerto de 1o de novembro na Bas\u00edlica de Santa Maria Maior, como sublinha o Diretor da Sistina, Mons. Massimo Palombella:<\/p>\n<p>&#8220;Trabalhando com um coral luterano que tendencialmente faz um programa contempor\u00e2neo no concerto, a escolha foi de executar um programa da escola do renascimento que se foi criando aquui em Roma com autores como Palestrina, Lasso, da Victoria, portanto, um programa decididamente renascentista com duas pe\u00e7as executadas conjuntamente, um bis surpresa e uma conclus\u00e3o sobre Tu es Petrus de Palestrina. Por outro lado, no que diz respeito \u00e0 quest\u00e3o do ecumenismo, a arte, a m\u00fasica e as fontes comuns, s\u00e3o justamente os ve\u00edculos primeiros para encontrar pontos de contato e descobrir que as coisas que nos unem s\u00e3o em maior n\u00famero do que as que nos dividem, do ponto de vista global&#8221;.<\/p>\n<p>No dia 28 de outubro, \u00e0s 17 horas, ser\u00e1 celebrada uma missa de abertura do Festival na Bas\u00edlica de S\u00e3o Pedro, seguida por uma apresenta\u00e7\u00e3o de 600 artistas de 9 pa\u00edses do mundo sob o lema &#8220;A Arte salva a Arte&#8221;.<\/p>\n<p style=\"text-align: justify;\">Fonte: R\u00e1dio Vaticano<\/p>\n","protected":false},"excerpt":{"rendered":"<p>Um festival dedicado a Jo\u00e3o Paulo II dez anos ap\u00f3s a sua morte,\u00a0 inspirado nos valores do di\u00e1logo, da paz e da caridade. Este \u00e9 o objetivo da XIV edi\u00e7\u00e3o do Festival de M\u00fasica e Arte Sacra que retorna a Roma de 28 de outubro a 4 de novembro. Como nos anos precedentes, as Bas\u00edlicas [&hellip;]<\/p>\n","protected":false},"author":1,"featured_media":0,"comment_status":"open","ping_status":"open","sticky":false,"template":"","format":"standard","meta":{"footnotes":""},"categories":[4],"tags":[],"class_list":["post-12023","post","type-post","status-publish","format-standard","hentry","category-cotidiano"],"_links":{"self":[{"href":"https:\/\/catolicanet.net\/wp-cnet\/wp-json\/wp\/v2\/posts\/12023","targetHints":{"allow":["GET"]}}],"collection":[{"href":"https:\/\/catolicanet.net\/wp-cnet\/wp-json\/wp\/v2\/posts"}],"about":[{"href":"https:\/\/catolicanet.net\/wp-cnet\/wp-json\/wp\/v2\/types\/post"}],"author":[{"embeddable":true,"href":"https:\/\/catolicanet.net\/wp-cnet\/wp-json\/wp\/v2\/users\/1"}],"replies":[{"embeddable":true,"href":"https:\/\/catolicanet.net\/wp-cnet\/wp-json\/wp\/v2\/comments?post=12023"}],"version-history":[{"count":1,"href":"https:\/\/catolicanet.net\/wp-cnet\/wp-json\/wp\/v2\/posts\/12023\/revisions"}],"predecessor-version":[{"id":24628,"href":"https:\/\/catolicanet.net\/wp-cnet\/wp-json\/wp\/v2\/posts\/12023\/revisions\/24628"}],"wp:attachment":[{"href":"https:\/\/catolicanet.net\/wp-cnet\/wp-json\/wp\/v2\/media?parent=12023"}],"wp:term":[{"taxonomy":"category","embeddable":true,"href":"https:\/\/catolicanet.net\/wp-cnet\/wp-json\/wp\/v2\/categories?post=12023"},{"taxonomy":"post_tag","embeddable":true,"href":"https:\/\/catolicanet.net\/wp-cnet\/wp-json\/wp\/v2\/tags?post=12023"}],"curies":[{"name":"wp","href":"https:\/\/api.w.org\/{rel}","templated":true}]}}