{"id":12005,"date":"2015-10-15T03:00:00","date_gmt":"2015-10-15T06:00:00","guid":{"rendered":"http:\/\/catolicanet.net\/wp-cnet\/2015\/10\/15\/cardeal-blazquez-qque-presente-de-deus-ao-nos-dar-esta-grande-mulherq\/"},"modified":"2017-05-31T14:40:48","modified_gmt":"2017-05-31T17:40:48","slug":"cardeal-blazquez-qque-presente-de-deus-ao-nos-dar-esta-grande-mulherq","status":"publish","type":"post","link":"https:\/\/catolicanet.net\/wp-cnet\/cardeal-blazquez-qque-presente-de-deus-ao-nos-dar-esta-grande-mulherq\/","title":{"rendered":"Cardeal Bl\u00e1zquez: &#8220;Que presente de Deus ao nos dar esta grande mulher&#8221;"},"content":{"rendered":"<p style=\"text-align: justify;\">Encerramento do V Centen\u00e1rio do nascimento de Santa Teresa de Jesus e do Ano Jubilar Teresiano<\/p>\n<p>Quinta-feira de manh\u00e3 encerrou-se o V Centen\u00e1rio do nascimento de Santa Teresa de Jesus e o Ano Jubilar Teresiano concedido pelo Papa Francisco a todas as dioceses espanholas, de outubro de 2014 a outubro de 2015. O dia da festa lit\u00fargica da m\u00edstica e doutora da Igreja, 15 de outubro, marcou o in\u00edcio e o fim desta celebra\u00e7\u00e3o jubilar para a Igreja Cat\u00f3lica na Espanha.<\/p>\n<p>O principal evento foi a celebra\u00e7\u00e3o eucar\u00edstica presidida pelo Cardeal Ricardo Bl\u00e1zquez P\u00e9rez, Arcebispo de Valladolid e presidente da Confer\u00eancia Episcopal Espanhola (CEE), na Plaza de Santa Teresa, em \u00c1vila.<\/p>\n<p>Os volunt\u00e1rios, que estiveram presentes em todos os eventos do Ano jubilar, congratularam-se nas primeiras horas da manh\u00e3. Cerca de nove mil pessoas participaram na missa de encerramento do V Centen\u00e1rio, informou a CEE em um comunicado.<\/p>\n<p>Antes da missa, eles viveram dois momentos solenes: logo cedo, entraram na Pra\u00e7a membros do ilustres do Patronato de La Santa Vera Cruz carregando a imagem de Cristo de los Ajusticiados, que ocupou um lugar de destaque no altar. Pouco antes da Celebra\u00e7\u00e3o Eucar\u00edstica, foram colocadas diante do altar as imagens de Santa Teresa e de Virgem da Caridade, que seguiram em prociss\u00e3o desde a catedral.<\/p>\n<p> A celebra\u00e7\u00e3o eucar\u00edstica teve in\u00edcio com a sauda\u00e7\u00e3o do Bispo de \u00c1vila, diocese que viveu com grande intensidade este ano jubilar. Dom Burrillo Garc\u00eda saudou todos os participantes e se dirigiu, sobretudo, aos mais de 500 volunt\u00e1rios que acolheram os peregrinos durante os v\u00e1rios eventos que tiveram lugar no V Centen\u00e1rio.<\/p>\n<p>&#8220;A Santa nos acolhe&#8221;, &#8220;ano de gra\u00e7a extraordin\u00e1ria&#8221;, destacou Dom Garcia Burillo, que pediu a Teresa para &#8220;no ajudar a renovar o nosso castelo interior&#8221;.<\/p>\n<p>Por sua parte, o cardeal Blazquez resumiu no in\u00edcio da homilia o significado da celebra\u00e7\u00e3o do V Centen\u00e1rio: &#8220;Ficamos surpresos com a capacidade de convoca\u00e7\u00e3o de Santa Teresa e reavivamos na Igreja e na sociedade a mensagem que ela continua enviando. Que presente Deus ao nos dar esta grande mulher! \u00c1vila ficou para sempre enobrecida por seu nascimento, sua vida e sua obra&#8221;.<\/p>\n<p>Durante a homilia, o cardeal sublinhou como Santa Teresa foi capaz de entender a revela\u00e7\u00e3o de Deus e a pessoa de Jesus Cristo com &#8220;clareza e profundidade.&#8221;<\/p>\n<p>Ele tamb\u00e9m lembrou que Cristo era o centro da sua vida e como reivindicou &#8220;decisivamente&#8221; sua humanidade. Nesse sentido, ele lembrou que &#8220;a humanidade sacrat\u00edssima de Jesus Cristo abrange na pena de Teresa todo o itiner\u00e1rio do Senhor desde o seu nascimento em Bel\u00e9m, vida oculta em Nazar\u00e9, paix\u00e3o e crucifica\u00e7\u00e3o em Jerusal\u00e9m, glorifica\u00e7\u00e3o e presen\u00e7a eucar\u00edstica at\u00e9 sua proximidade conosco. Est\u00e1 ao nosso lado, n\u00e3o se afastou ou nos deserdou&#8221;.<\/p>\n<p>O cardeal foi enf\u00e1tico ao dizer que \u00e9 hora de caminhar &#8220;Para onde? Rumo ao encontro com Jesus Cristo (&#8230;) \u00c9 tempo de caminhar at\u00e9 as periferias geogr\u00e1ficas e humanas como irm\u00e3os e ap\u00f3stolos (&#8230;). \u00c9 tempo de caminhar para o Ano da miseric\u00f3rdia de Deus, convocado pelo Papa Francisco, que ser\u00e1 aberto em 08 de dezembro&#8221;.<\/p>\n<p>O presidente da CEE, que est\u00e1 participando do S\u00ednodo da fam\u00edlia, concluiu sua homilia com um apelo: &#8220;Nos unindo \u00e0 Assembleia dos Bispos, realizada nestes dias em Roma, invoquemos a intercess\u00e3o de Santa Teresa para que os pais introduzam seus filhos na f\u00e9. A f\u00e9 \u00e9 particularmente transmitida ensinando as crian\u00e7as a rezar e rezando com eles&#8221;.<\/p>\n<p>Antes de terminar a missa, o Superior Geral dos Carmelitas Descal\u00e7os, Padre Saverio Cannistr\u00e0 pronunciou um discurso, desejando a todos uma feliz festa de Santa Teresa de Jesus.<\/p>\n<p>Padre Saverino Canistr\u00e0 agradeceu a todos que contribu\u00edram para este V Centen\u00e1rio. Ele tamb\u00e9m exortou: &#8220;\u00c9 tempo para caminhar&#8221;, e no final do ano jubilar, \u201ccome\u00e7a o mais emocionante&#8221;. Ele convidou a semear na sociedade o que foi aprendido neste ano jubilar. &#8220;Juntos caminhamos, Senhor&#8221; \u00e9 o lema proposto para continuar caminhando.<\/p>\n<p>Com o presidente da CEE concelebraram o N\u00fancio Apost\u00f3lico na Espanha, Dom Renzo Fratini;\u00a0 Bispo de \u00c1vila, Dom Jes\u00fas Garc\u00eda Burillo ; Arcebispo de Val\u00eancia, Cardeal Antonio Ca\u00f1izares Llovera; o Arcebispo castrense, Dom Juan del Rio; os Arcebispos de Toledo, Oviedo , Granada e, Dom Braulio Rodr\u00edguez Plaza, Jes\u00fas Sanz Montes e Francisco Javier Mart\u00ednez Fern\u00e1ndez; os Bispos de Santander, Osma-Soria, Segovia, Jaen, Zamora, Plasencia e Le\u00f3n, Dom Manuel S\u00e1nchez Monge, Gerardo Melgar Vicious, Cesar Augusto Franco, Ram\u00f3n del Hoyo L\u00f3pez, Gregorio Martinez Sacristan, Amadeo Rodr\u00edguez Magro e Julian Lopez Martin; o Bispo auxiliar de Toledo, Dom Angel Fernandez Collado; Bispo Em\u00e9rito de Seg\u00f3via, Dom Angel Rubio Castro; o Administrador diocesano de Palencia, Padre Antonio Gomez Cantero, e o Secret\u00e1rio-geral da CEE, sacerdote e jornalista Jos\u00e9 Maria Gil Tamayo.<\/p>\n<p>Em nome da Ordem do Carmelo concelebrava o Superior geral, Pe Saaverio Canistr\u00e1, OCD, e o Provincial da Prov\u00edncia Ib\u00e9rica, Padre Miguel Marquez, OCD; al\u00e9m do Bispo em\u00e9rito de Galloway e do Bispo de Motherwell, Esc\u00f3cia, Dom Maurice Taylor e Joseph Toal. Mais de 300 sacerdotes e 200 membros da vida consagrada estavam presentes, com uma ampla representa\u00e7\u00e3o da Ordem do Carmelo.<\/p>\n<p>Participaram in\u00fameras autoridades locais e provinciais, representadas pelo prefeito de \u00c1vila, Jos\u00e9 Luis Rivas Hernandez, junto com representantes de Castilla e Leon.<\/p>\n<p>Com a B\u00ean\u00e7\u00e3o Apost\u00f3lica a todos os presentes, concluiu-se a Celebra\u00e7\u00e3o Eucar\u00edstica e foi encerrado o V Centen\u00e1rio.<\/p>\n<p style=\"text-align: justify;\">Fonte: Zenit<\/p>\n","protected":false},"excerpt":{"rendered":"<p>Encerramento do V Centen\u00e1rio do nascimento de Santa Teresa de Jesus e do Ano Jubilar Teresiano Quinta-feira de manh\u00e3 encerrou-se o V Centen\u00e1rio do nascimento de Santa Teresa de Jesus e o Ano Jubilar Teresiano concedido pelo Papa Francisco a todas as dioceses espanholas, de outubro de 2014 a outubro de 2015. O dia da [&hellip;]<\/p>\n","protected":false},"author":1,"featured_media":0,"comment_status":"open","ping_status":"open","sticky":false,"template":"","format":"standard","meta":{"footnotes":""},"categories":[4],"tags":[],"class_list":["post-12005","post","type-post","status-publish","format-standard","hentry","category-cotidiano"],"_links":{"self":[{"href":"https:\/\/catolicanet.net\/wp-cnet\/wp-json\/wp\/v2\/posts\/12005","targetHints":{"allow":["GET"]}}],"collection":[{"href":"https:\/\/catolicanet.net\/wp-cnet\/wp-json\/wp\/v2\/posts"}],"about":[{"href":"https:\/\/catolicanet.net\/wp-cnet\/wp-json\/wp\/v2\/types\/post"}],"author":[{"embeddable":true,"href":"https:\/\/catolicanet.net\/wp-cnet\/wp-json\/wp\/v2\/users\/1"}],"replies":[{"embeddable":true,"href":"https:\/\/catolicanet.net\/wp-cnet\/wp-json\/wp\/v2\/comments?post=12005"}],"version-history":[{"count":1,"href":"https:\/\/catolicanet.net\/wp-cnet\/wp-json\/wp\/v2\/posts\/12005\/revisions"}],"predecessor-version":[{"id":26798,"href":"https:\/\/catolicanet.net\/wp-cnet\/wp-json\/wp\/v2\/posts\/12005\/revisions\/26798"}],"wp:attachment":[{"href":"https:\/\/catolicanet.net\/wp-cnet\/wp-json\/wp\/v2\/media?parent=12005"}],"wp:term":[{"taxonomy":"category","embeddable":true,"href":"https:\/\/catolicanet.net\/wp-cnet\/wp-json\/wp\/v2\/categories?post=12005"},{"taxonomy":"post_tag","embeddable":true,"href":"https:\/\/catolicanet.net\/wp-cnet\/wp-json\/wp\/v2\/tags?post=12005"}],"curies":[{"name":"wp","href":"https:\/\/api.w.org\/{rel}","templated":true}]}}