{"id":12004,"date":"2015-10-16T13:19:58","date_gmt":"2015-10-16T16:19:58","guid":{"rendered":"http:\/\/catolicanet.net\/wp-cnet\/2015\/10\/16\/ordinariato-castrense-faleceu-o-antigo-capelao-chefe-do-servico-de-assistencia-religiosa-das-forcas-armadas-e-das-forcas-de-seguranca\/"},"modified":"2017-05-31T16:06:04","modified_gmt":"2017-05-31T19:06:04","slug":"ordinariato-castrense-faleceu-o-antigo-capelao-chefe-do-servico-de-assistencia-religiosa-das-forcas-armadas-e-das-forcas-de-seguranca","status":"publish","type":"post","link":"https:\/\/catolicanet.net\/wp-cnet\/ordinariato-castrense-faleceu-o-antigo-capelao-chefe-do-servico-de-assistencia-religiosa-das-forcas-armadas-e-das-forcas-de-seguranca\/","title":{"rendered":"Ordinariato Castrense: Faleceu o antigo capel\u00e3o-chefe do Servi\u00e7o de Assist\u00eancia Religiosa das For\u00e7as Armadas e das For\u00e7as de Seguran\u00e7a"},"content":{"rendered":"<p style=\"text-align: justify;\">Lisboa, 16 out 2015 (Ecclesia) &#8211; O padre Manuel da Costa Amorim, capel\u00e3o-chefe do Servi\u00e7o de Assist\u00eancia Religiosa das For\u00e7as Armadas e das For\u00e7as de Seguran\u00e7a, faleceu hoje aos 63 anos, anunciou o bispo do setor, D. Manuel Linda.<\/p>\n<p>O prelado recorda, em comunicado enviado \u00e0 Ag\u00eancia ECCLESIA, o empenho pastoral e as \u201crealiza\u00e7\u00f5es\u201d do falecido sacerdote, que \u201cmarcou muito positivamente este Ordinariato Militar para Portugal\u201d.<\/p>\n<p>D. Manuel Linda vai presidir \u00e0 Missa no s\u00e1bado, \u00e0s 09h00, na Capela da Base Naval do Alfeite; ap\u00f3s esta celebra\u00e7\u00e3o, o corpo seguir\u00e1 para Belinho, Esposende, terra natal do padre Manuel Amorim, onde ser\u00e1 lebrada Missa exequial pelo arcebispo primaz de Braga, D. Jorge Ortiga, \u00e0s 17h00 de domingo.<\/p>\n<p>\u201c\u00c0 fam\u00edlia enlutada, \u00e0 Marinha, \u00e0 Arquidiocese de Braga e aos seus muitos amigos apresento as minhas condol\u00eancias e a todos pe\u00e7o uma ora\u00e7\u00e3o por alma do saudoso padre Manuel da Costa Amorim, a quem entrego \u00e0 miseric\u00f3rdia de Deus\u201d, conclui D. Manuel Linda.<\/p>\n<p style=\"text-align: justify;\">Fonte: Ag\u00eancia Ecclesia<\/p>\n<p style=\"text-align: justify;\">\u00a0<\/p>\n","protected":false},"excerpt":{"rendered":"<p>Lisboa, 16 out 2015 (Ecclesia) &#8211; O padre Manuel da Costa Amorim, capel\u00e3o-chefe do Servi\u00e7o de Assist\u00eancia Religiosa das For\u00e7as Armadas e das For\u00e7as de Seguran\u00e7a, faleceu hoje aos 63 anos, anunciou o bispo do setor, D. Manuel Linda. O prelado recorda, em comunicado enviado \u00e0 Ag\u00eancia ECCLESIA, o empenho pastoral e as \u201crealiza\u00e7\u00f5es\u201d do [&hellip;]<\/p>\n","protected":false},"author":1,"featured_media":0,"comment_status":"open","ping_status":"open","sticky":false,"template":"","format":"standard","meta":{"footnotes":""},"categories":[4],"tags":[],"class_list":["post-12004","post","type-post","status-publish","format-standard","hentry","category-cotidiano"],"_links":{"self":[{"href":"https:\/\/catolicanet.net\/wp-cnet\/wp-json\/wp\/v2\/posts\/12004","targetHints":{"allow":["GET"]}}],"collection":[{"href":"https:\/\/catolicanet.net\/wp-cnet\/wp-json\/wp\/v2\/posts"}],"about":[{"href":"https:\/\/catolicanet.net\/wp-cnet\/wp-json\/wp\/v2\/types\/post"}],"author":[{"embeddable":true,"href":"https:\/\/catolicanet.net\/wp-cnet\/wp-json\/wp\/v2\/users\/1"}],"replies":[{"embeddable":true,"href":"https:\/\/catolicanet.net\/wp-cnet\/wp-json\/wp\/v2\/comments?post=12004"}],"version-history":[{"count":1,"href":"https:\/\/catolicanet.net\/wp-cnet\/wp-json\/wp\/v2\/posts\/12004\/revisions"}],"predecessor-version":[{"id":27010,"href":"https:\/\/catolicanet.net\/wp-cnet\/wp-json\/wp\/v2\/posts\/12004\/revisions\/27010"}],"wp:attachment":[{"href":"https:\/\/catolicanet.net\/wp-cnet\/wp-json\/wp\/v2\/media?parent=12004"}],"wp:term":[{"taxonomy":"category","embeddable":true,"href":"https:\/\/catolicanet.net\/wp-cnet\/wp-json\/wp\/v2\/categories?post=12004"},{"taxonomy":"post_tag","embeddable":true,"href":"https:\/\/catolicanet.net\/wp-cnet\/wp-json\/wp\/v2\/tags?post=12004"}],"curies":[{"name":"wp","href":"https:\/\/api.w.org\/{rel}","templated":true}]}}