{"id":12003,"date":"2015-10-16T12:52:07","date_gmt":"2015-10-16T15:52:07","guid":{"rendered":"http:\/\/catolicanet.net\/wp-cnet\/2015\/10\/16\/refugiados-presidente-da-caritas-internacional-visita-grecia-para-acompanhar-trabalho-humanitario\/"},"modified":"2017-05-31T16:30:43","modified_gmt":"2017-05-31T19:30:43","slug":"refugiados-presidente-da-caritas-internacional-visita-grecia-para-acompanhar-trabalho-humanitario","status":"publish","type":"post","link":"https:\/\/catolicanet.net\/wp-cnet\/refugiados-presidente-da-caritas-internacional-visita-grecia-para-acompanhar-trabalho-humanitario\/","title":{"rendered":"Refugiados: Presidente da C\u00e1ritas Internacional visita Gr\u00e9cia para acompanhar trabalho humanit\u00e1rio"},"content":{"rendered":"<p style=\"text-align: justify;\"><img decoding=\"async\" src=\"http:\/\/catolicanet.com.br\/images\/stories\/caritas-athens-e1438769475813.jpg\" border=\"0\" align=\"left\" \/>Cardeal Luis Antonio Tagle preocupado com situa\u00e7\u00e3o em Idomeni, ponto de passagem para milhares de pessoas<\/p>\n<p>Cidade do Vaticano, 16 out 2015 (Ecclesia) \u2013 O presidente da C\u00e1ritas Internationalis vai visitar a Gr\u00e9cia para verificar a situa\u00e7\u00e3o de milhares de refugiados na regi\u00e3o de Idomeni, junto \u00e0 fronteira com a Maced\u00f4nia.<\/p>\n<p>Segundo informa\u00e7\u00f5es avan\u00e7adas hoje pelo organismo cat\u00f3lico, o cardeal Luis Antonio Tagle quer aferir a forma como est\u00e1 a decorrer o apoio a pessoas e fam\u00edlias vindas de pa\u00edses como a S\u00edria, o Afeganist\u00e3o ou o Iraque, que abandonaram a sua p\u00e1tria para escapar \u00e0 guerra, \u00e0 persegui\u00e7\u00e3o religiosa e \u00e9tnica ou \u00e0 pobreza.<\/p>\n<p>A C\u00e1ritas Internacionais sublinha que \u201cmais de 450 mil refugiados j\u00e1 passaram este ano pela Gr\u00e9cia, em busca de uma vida nova na Uni\u00e3o Europeia\u201d.<\/p>\n<p>O contexto em Idomeni \u00e9 particularmente dif\u00edcil uma vez que se trata \u201cde uma pequena aldeia, sem possibilidades de albergar o n\u00famero elevado de pessoas que por ali passam\u201d.<\/p>\n<p>Muitos refugiados \u201ct\u00eam de ficar na rua\u201d, com \u201cpoucas hip\u00f3teses de conseguir uma refei\u00e7\u00e3o ou um banho\u201d, descreve a organiza\u00e7\u00e3o.<\/p>\n<p>\u00c9 neste quadro que os volunt\u00e1rios da C\u00e1ritas est\u00e3o a trabalhar, levando a estas pessoas \u201ccomida, \u00e1gua, saneamento b\u00e1sico e cuidados de sa\u00fade\u201d, com especial aten\u00e7\u00e3o a \u201cmulheres e crian\u00e7as\u201d.<\/p>\n<p>\u00c0 semelhan\u00e7a do que a organiza\u00e7\u00e3o cat\u00f3lica est\u00e1 a fazer em outros territ\u00f3rios com refugiados, como por exemplo na Maced\u00f4nia, S\u00e9rvia, Cro\u00e1cia, Hungria, este apoio humanit\u00e1rio prev\u00ea tamb\u00e9m o fornecimento de \u201croupas e abrigos\u201d a quem mais precise.<\/p>\n<p>Alertando para o \u201cperigo\u201d que estes refugiados enfrentam, durante a sua jornada por mar e por terra, a C\u00e1ritas Internacionais sublinha a urg\u00eancia dos governos europeus unirem esfor\u00e7os no sentido de garantirem a seguran\u00e7a destas pessoas e a defini\u00e7\u00e3o de um quadro legal para as migra\u00e7\u00f5es.<\/p>\n<p>\u201cA situa\u00e7\u00e3o atual apenas beneficia os criminosos e traficantes\u201d, salienta a organiza\u00e7\u00e3o cat\u00f3lica.<\/p>\n<p>Preparar o acolhimento dever\u00e1 ser outra prioridade \u2013 a C\u00e1ritas aponta para o Inverno que se aproxima e para o facto de \u201cmuitos pa\u00edses n\u00e3o estarem preparados para receber o n\u00famero alargado de pessoas que est\u00e3o a entrar\u201d.<\/p>\n<p style=\"text-align: justify;\">Fonte: Ag\u00eancia Ecclesia<\/p>\n","protected":false},"excerpt":{"rendered":"<p>Cardeal Luis Antonio Tagle preocupado com situa\u00e7\u00e3o em Idomeni, ponto de passagem para milhares de pessoas Cidade do Vaticano, 16 out 2015 (Ecclesia) \u2013 O presidente da C\u00e1ritas Internationalis vai visitar a Gr\u00e9cia para verificar a situa\u00e7\u00e3o de milhares de refugiados na regi\u00e3o de Idomeni, junto \u00e0 fronteira com a Maced\u00f4nia. Segundo informa\u00e7\u00f5es avan\u00e7adas hoje [&hellip;]<\/p>\n","protected":false},"author":1,"featured_media":0,"comment_status":"open","ping_status":"open","sticky":false,"template":"","format":"standard","meta":{"footnotes":""},"categories":[4],"tags":[],"class_list":["post-12003","post","type-post","status-publish","format-standard","hentry","category-cotidiano"],"_links":{"self":[{"href":"https:\/\/catolicanet.net\/wp-cnet\/wp-json\/wp\/v2\/posts\/12003","targetHints":{"allow":["GET"]}}],"collection":[{"href":"https:\/\/catolicanet.net\/wp-cnet\/wp-json\/wp\/v2\/posts"}],"about":[{"href":"https:\/\/catolicanet.net\/wp-cnet\/wp-json\/wp\/v2\/types\/post"}],"author":[{"embeddable":true,"href":"https:\/\/catolicanet.net\/wp-cnet\/wp-json\/wp\/v2\/users\/1"}],"replies":[{"embeddable":true,"href":"https:\/\/catolicanet.net\/wp-cnet\/wp-json\/wp\/v2\/comments?post=12003"}],"version-history":[{"count":1,"href":"https:\/\/catolicanet.net\/wp-cnet\/wp-json\/wp\/v2\/posts\/12003\/revisions"}],"predecessor-version":[{"id":27092,"href":"https:\/\/catolicanet.net\/wp-cnet\/wp-json\/wp\/v2\/posts\/12003\/revisions\/27092"}],"wp:attachment":[{"href":"https:\/\/catolicanet.net\/wp-cnet\/wp-json\/wp\/v2\/media?parent=12003"}],"wp:term":[{"taxonomy":"category","embeddable":true,"href":"https:\/\/catolicanet.net\/wp-cnet\/wp-json\/wp\/v2\/categories?post=12003"},{"taxonomy":"post_tag","embeddable":true,"href":"https:\/\/catolicanet.net\/wp-cnet\/wp-json\/wp\/v2\/tags?post=12003"}],"curies":[{"name":"wp","href":"https:\/\/api.w.org\/{rel}","templated":true}]}}