{"id":11995,"date":"2015-10-13T03:00:00","date_gmt":"2015-10-13T06:00:00","guid":{"rendered":"http:\/\/catolicanet.net\/wp-cnet\/2015\/10\/13\/diocese-de-oeiras-sedia-a-13o-edicao-da-romaria-da-terra-e-da-agua-do-piaui\/"},"modified":"2017-05-31T14:53:08","modified_gmt":"2017-05-31T17:53:08","slug":"diocese-de-oeiras-sedia-a-13o-edicao-da-romaria-da-terra-e-da-agua-do-piaui","status":"publish","type":"post","link":"https:\/\/catolicanet.net\/wp-cnet\/diocese-de-oeiras-sedia-a-13o-edicao-da-romaria-da-terra-e-da-agua-do-piaui\/","title":{"rendered":"Diocese de Oeiras sedia a 13\u00aa Edi\u00e7\u00e3o da Romaria da Terra e da \u00c1gua do Piau\u00ed"},"content":{"rendered":"<p style=\"text-align: justify;\"><img decoding=\"async\" src=\"http:\/\/catolicanet.com.br\/images\/stories\/000 a a aromariaterra.jpg\" border=\"0\" align=\"left\" \/>A Romaria da Terra e da \u00e1gua faz parte da hist\u00f3ria e da caminhada da Igreja no Piau\u00ed desde 1988 e se tornou um grande evento que envolve o homem e a mulher do campo e da cidade. Na Romaria da Terra e da \u00c1gua s\u00e3o celebradas as lutas e as vit\u00f3rias de todas as pessoas que defendem a preserva\u00e7\u00e3o da terra e da \u00e1gua.<\/p>\n<p>Esse ano a 13\u00b0 edi\u00e7\u00e3o da romaria ser\u00e1 nos dias 17 e 18 de outubro na cidade de Oeiras, localizada a 280 km da capital, Teresina. Com o objetivo de contribuir para a forma\u00e7\u00e3o pol\u00edtica se prop\u00f5e tamb\u00e9m a anunciar as experi\u00eancias de vida daqueles que lutam pelo direito \u00e0 terra e \u00e0 \u00e1gua no sentido de implementar pol\u00edticas p\u00fablicas voltadas para a reforma agr\u00e1ria e agricultura familiar.<\/p>\n<p><img decoding=\"async\" src=\"http:\/\/catolicanet.com.br\/images\/stories\/000 a a a romaoficial.jpg\" border=\"0\" align=\"right\" \/>Para um dos coordenadores da romaria, Adonias Moura, a realiza\u00e7\u00e3o da Romaria \u00e9 um per\u00edodo para toda a sociedade refletir sobre a situa\u00e7\u00e3o da \u00e1gua e da terra e sua import\u00e2ncia para a vida no Planeta, ampliando o debate sobre as causas dos efeitos negativos do atual modelo de desenvolvimento econ\u00f4mico.<\/p>\n<p>\u201cA romaria \u00e9 tamb\u00e9m um momento de avaliar os impactos sociais e ambientais das grandes obras e projetos que est\u00e3o se instalando no Piau\u00ed, tais como: a explora\u00e7\u00e3o do G\u00e1s Natural na regi\u00e3o de S\u00e3o Raimundo Nonato e Floriano, o min\u00e9rio de ferro em Curral Novo e Paulistana, e tantos outros projetos do agroneg\u00f3cio que n\u00e3o respeitam a vida e destroem o meio ambiente\u201d explica ele.<\/p>\n<p>Segundo a Federa\u00e7\u00e3o dos Trabalhadores na Agricultura (FTA) existem em todo Piau\u00ed 200 mil fam\u00edlias sem terra para morar e trabalhar. O Piau\u00ed se caracteriza como um Estado economicamente agr\u00e1rio, onde 43,11% da sua popula\u00e7\u00e3o ainda reside na zona rural. Al\u00e9m disso, o Estado do Piau\u00ed, nos \u00faltimos anos, vem passando por per\u00edodos dif\u00edceis, pois desde 2012, enfrenta uma das piores secas dos \u00faltimos 30 anos.<\/p>\n<p>Para o bispo da diocese de Oeiras, dom Juarez Sousa da Silva, esse \u00e9 um evento religioso de f\u00e9 e compromisso com a vida. \u201c\u00c9 um momento de reflex\u00e3o sobre a natureza, esse cuidado com a vida em todos os sentidos j\u00e1 estamos discutindo sobre bens preciosos (\u00e1gua e a terra) que s\u00e3o dons de Deus. Se a gente continuar depredando, n\u00f3s n\u00e3o vamos ter possibilidade de vida no futuro. A Igreja tem refletido sobre a preserva\u00e7\u00e3o ao meio ambiente. O papa Francisco nos convida a mudarmos de comportamento em rela\u00e7\u00e3o a natureza. Esse \u00e9 um compromisso pessoal\u201d refor\u00e7a.<\/p>\n<p>O evento tem o apoio de entidades como o F\u00f3rum de Conviv\u00eancia com o Semi\u00e1rido, a Fetag (Federa\u00e7\u00e3o dos Trabalhadores em Agricultura), Obra Kolping, Instituto Comr\u00e1dio do Brasil, Comiss\u00e3o Pastoral da Terra (CPT), C\u00e1ritas e sindicato dos trabalhadores rurais.<\/p>\n<p>A programa\u00e7\u00e3o come\u00e7a com a chegada dos romeiros \u00e0s 12h do dia 17 de outubro na cidade de Oeiras seguido de um semin\u00e1rio. No dia 18 a programa\u00e7\u00e3o encerra com a caminhada.<\/p>\n<p>Fonte: Arquidiocese de Teresina<\/p>\n<p style=\"text-align: justify;\">Fonte: Pontif\u00edcias Obras Mission\u00e1ria<\/p>\n","protected":false},"excerpt":{"rendered":"<p>A Romaria da Terra e da \u00e1gua faz parte da hist\u00f3ria e da caminhada da Igreja no Piau\u00ed desde 1988 e se tornou um grande evento que envolve o homem e a mulher do campo e da cidade. Na Romaria da Terra e da \u00c1gua s\u00e3o celebradas as lutas e as vit\u00f3rias de todas as [&hellip;]<\/p>\n","protected":false},"author":1,"featured_media":0,"comment_status":"open","ping_status":"open","sticky":false,"template":"","format":"standard","meta":{"footnotes":""},"categories":[4],"tags":[],"class_list":["post-11995","post","type-post","status-publish","format-standard","hentry","category-cotidiano"],"_links":{"self":[{"href":"https:\/\/catolicanet.net\/wp-cnet\/wp-json\/wp\/v2\/posts\/11995","targetHints":{"allow":["GET"]}}],"collection":[{"href":"https:\/\/catolicanet.net\/wp-cnet\/wp-json\/wp\/v2\/posts"}],"about":[{"href":"https:\/\/catolicanet.net\/wp-cnet\/wp-json\/wp\/v2\/types\/post"}],"author":[{"embeddable":true,"href":"https:\/\/catolicanet.net\/wp-cnet\/wp-json\/wp\/v2\/users\/1"}],"replies":[{"embeddable":true,"href":"https:\/\/catolicanet.net\/wp-cnet\/wp-json\/wp\/v2\/comments?post=11995"}],"version-history":[{"count":1,"href":"https:\/\/catolicanet.net\/wp-cnet\/wp-json\/wp\/v2\/posts\/11995\/revisions"}],"predecessor-version":[{"id":26833,"href":"https:\/\/catolicanet.net\/wp-cnet\/wp-json\/wp\/v2\/posts\/11995\/revisions\/26833"}],"wp:attachment":[{"href":"https:\/\/catolicanet.net\/wp-cnet\/wp-json\/wp\/v2\/media?parent=11995"}],"wp:term":[{"taxonomy":"category","embeddable":true,"href":"https:\/\/catolicanet.net\/wp-cnet\/wp-json\/wp\/v2\/categories?post=11995"},{"taxonomy":"post_tag","embeddable":true,"href":"https:\/\/catolicanet.net\/wp-cnet\/wp-json\/wp\/v2\/tags?post=11995"}],"curies":[{"name":"wp","href":"https:\/\/api.w.org\/{rel}","templated":true}]}}