{"id":11994,"date":"2015-10-15T17:04:31","date_gmt":"2015-10-15T20:04:31","guid":{"rendered":"http:\/\/catolicanet.net\/wp-cnet\/2015\/10\/15\/por-que-o-papa-quis-convocar-o-jubileu-da-misericordia-ele-mesmo-responde\/"},"modified":"2017-05-31T16:22:56","modified_gmt":"2017-05-31T19:22:56","slug":"por-que-o-papa-quis-convocar-o-jubileu-da-misericordia-ele-mesmo-responde","status":"publish","type":"post","link":"https:\/\/catolicanet.net\/wp-cnet\/por-que-o-papa-quis-convocar-o-jubileu-da-misericordia-ele-mesmo-responde\/","title":{"rendered":"Por que o Papa quis convocar o jubileu da miseric\u00f3rdia? Ele mesmo responde&#8230;"},"content":{"rendered":"<p style=\"text-align: justify;\"><img decoding=\"async\" src=\"http:\/\/catolicanet.com.br\/images\/stories\/franciscodivinamisericordia.jpg\" border=\"0\" align=\"left\" \/>Na entrevista concedida \u00e0 revista francesa Paris Match, o Papa Francisco explicou as raz\u00f5es pelas quais decidiu convocar o Ano Santo ou Jubileu da Miseric\u00f3rdia, a ser realizado a partir do dia 8 de dezembro deste ano.<\/p>\n<p>Durante o di\u00e1logo com a jornalista Caroline Pigozzi, o Santo Padre explicou: \u201cDesde a \u00e9poca de Paulo VI, a Igreja tem um grande prop\u00f3sito em rela\u00e7\u00e3o a miseric\u00f3rdia. Durante o pontificado de S\u00e3o Jo\u00e3o Paulo II, este prop\u00f3sito foi expresso com muito mais entusiasmo: com a enc\u00edclica \u201cDives in misericordia\u201d, a institui\u00e7\u00e3o da festa da Divina Miseric\u00f3rdia (celebrada no domingo depois de P\u00e1scoa), a canoniza\u00e7\u00e3o de Santa Faustina Kowalska (religiosa polonesa 1905-1938)\u201d.<\/p>\n<p>\u201cComo prolonga\u00e7\u00e3o destes fatos, refletindo na ora\u00e7\u00e3o, pensei que seria muito bom proclamar um ano santo da miseric\u00f3rdia, o jubileu da miseric\u00f3rdia\u201d, disse o Pont\u00edfice.<\/p>\n<p>Em seguida, o Papa explicou as raz\u00f5es pelas quais os pais de Santa Teresa de Lisieux ser\u00e3o canonizados no pr\u00f3ximo domingo, 18 de outubro, no contexto do S\u00ednodo da Fam\u00edlia. \u201cLouis e Z\u00e9lie Martin, os pais de Santa Teresa do Menino Jesus, s\u00e3o um casal de evangelizadores que, enquanto viviam, testemunharam a beleza da f\u00e9 em Jesus. Dentro e fora do seu lar. Sabemos muito bem que a fam\u00edlia Martin era acolhedora e que abriam suas portas e seu cora\u00e7\u00e3o\u201d.<\/p>\n<p>\u201cEnt\u00e3o, nessa \u00e9poca, certa \u00e9tica burguesa desprezava os pobres, e o casal, com seus cinco filhos, consagraram o seu tempo e o seu dinheiro a fim de ajudar os necessitados. Certamente s\u00e3o um exemplo de santidade e de vida conjugal\u201d, assinalou o Santo Padre.<\/p>\n<p>Fonte: Acidigital<\/p>\n","protected":false},"excerpt":{"rendered":"<p>Na entrevista concedida \u00e0 revista francesa Paris Match, o Papa Francisco explicou as raz\u00f5es pelas quais decidiu convocar o Ano Santo ou Jubileu da Miseric\u00f3rdia, a ser realizado a partir do dia 8 de dezembro deste ano. Durante o di\u00e1logo com a jornalista Caroline Pigozzi, o Santo Padre explicou: \u201cDesde a \u00e9poca de Paulo VI, [&hellip;]<\/p>\n","protected":false},"author":1,"featured_media":0,"comment_status":"open","ping_status":"open","sticky":false,"template":"","format":"standard","meta":{"footnotes":""},"categories":[4],"tags":[],"class_list":["post-11994","post","type-post","status-publish","format-standard","hentry","category-cotidiano"],"_links":{"self":[{"href":"https:\/\/catolicanet.net\/wp-cnet\/wp-json\/wp\/v2\/posts\/11994","targetHints":{"allow":["GET"]}}],"collection":[{"href":"https:\/\/catolicanet.net\/wp-cnet\/wp-json\/wp\/v2\/posts"}],"about":[{"href":"https:\/\/catolicanet.net\/wp-cnet\/wp-json\/wp\/v2\/types\/post"}],"author":[{"embeddable":true,"href":"https:\/\/catolicanet.net\/wp-cnet\/wp-json\/wp\/v2\/users\/1"}],"replies":[{"embeddable":true,"href":"https:\/\/catolicanet.net\/wp-cnet\/wp-json\/wp\/v2\/comments?post=11994"}],"version-history":[{"count":1,"href":"https:\/\/catolicanet.net\/wp-cnet\/wp-json\/wp\/v2\/posts\/11994\/revisions"}],"predecessor-version":[{"id":27065,"href":"https:\/\/catolicanet.net\/wp-cnet\/wp-json\/wp\/v2\/posts\/11994\/revisions\/27065"}],"wp:attachment":[{"href":"https:\/\/catolicanet.net\/wp-cnet\/wp-json\/wp\/v2\/media?parent=11994"}],"wp:term":[{"taxonomy":"category","embeddable":true,"href":"https:\/\/catolicanet.net\/wp-cnet\/wp-json\/wp\/v2\/categories?post=11994"},{"taxonomy":"post_tag","embeddable":true,"href":"https:\/\/catolicanet.net\/wp-cnet\/wp-json\/wp\/v2\/tags?post=11994"}],"curies":[{"name":"wp","href":"https:\/\/api.w.org\/{rel}","templated":true}]}}