{"id":11989,"date":"2015-10-15T16:37:11","date_gmt":"2015-10-15T19:37:11","guid":{"rendered":"http:\/\/catolicanet.net\/wp-cnet\/2015\/10\/15\/asiaindia-extremistas-hinduistas-pedem-uma-lei-anti-conversao-em-jharkhand\/"},"modified":"2017-05-31T14:29:12","modified_gmt":"2017-05-31T17:29:12","slug":"asiaindia-extremistas-hinduistas-pedem-uma-lei-anti-conversao-em-jharkhand","status":"publish","type":"post","link":"https:\/\/catolicanet.net\/wp-cnet\/asiaindia-extremistas-hinduistas-pedem-uma-lei-anti-conversao-em-jharkhand\/","title":{"rendered":"\u00c1SIA\/\u00cdNDIA &#8211; Extremistas hindu\u00edstas pedem uma lei anti-convers\u00e3o em Jharkhand"},"content":{"rendered":"<p style=\"text-align: justify;\">Ranchi (Ag\u00eancia Fides) &#8211; Grupos extremistas hindu\u00edstas come\u00e7aram a campanha para promover a ado\u00e7\u00e3o de uma nova \u201clei anti-convers\u00e3o\u201d, no estado indiano de Jharkhand, no centro-norte da \u00cdndia. Segundo Fides, ap\u00f3s a not\u00edcia da convers\u00e3o ao cristianismo de 300 aut\u00f3ctones no distrito de Gumla, em Jharkhand, o grupo extremista hindu\u00edsta \u201cVishwa Hindu Parishad\u201d (VHP) iniciou a mobiliza\u00e7\u00e3o por uma medida sobre o modelo daquelas existentes em outros estados indianos, como Chhattisgarh, Madhya Pradesh e outros. \u201c\u00c9 urgente aprovar uma lei anti-convers\u00e3o em Jharkhand, onde os mission\u00e1rios crist\u00e3os est\u00e3o silenciosamente realizando convers\u00f5es de aut\u00f3ctones\u201d, disse o l\u00edder do VHP, Pramod Mishra. O VHP anunciou que vai continuar organizando os \u201cGhar Wapsi\u201d, celebra\u00e7\u00f5es p\u00fablicas de \u201cconvers\u00e3o\u201d, em que os aut\u00f3ctones retornam \u00e0 sua f\u00e9 de origem.<\/p>\n<p style=\"text-align: justify;\">Os grupos radicais hindu\u00edstas pediram uma lei que pro\u00edbe as convers\u00f5es em n\u00edvel federal, mas nos \u00faltimos meses, o Ministro Federal do Desenvolvimento Urbano, M. Venkaiah Naidu, afirmou que \u201co governo federal n\u00e3o tem a inten\u00e7\u00e3o de apresentar uma lei anti- convers\u00e3o\u201d, tais como aquelas em vigor em alguns estados. De acordo com a Igreja Cat\u00f3lica indiana, estes decretos, que dizem que querem proteger a liberdade religiosa, no entanto a limitam e penalizam a liberdade de consci\u00eancia. Eles, acrescenta, s\u00e3o contr\u00e1rios \u00e0 Constitui\u00e7\u00e3o que garante a liberdade de cada cidad\u00e3o de praticar, professar e divulgar sua religi\u00e3o.<\/p>\n<p style=\"text-align: justify;\">Fonte: Ag\u00eancia Fides<\/p>\n","protected":false},"excerpt":{"rendered":"<p>Ranchi (Ag\u00eancia Fides) &#8211; Grupos extremistas hindu\u00edstas come\u00e7aram a campanha para promover a ado\u00e7\u00e3o de uma nova \u201clei anti-convers\u00e3o\u201d, no estado indiano de Jharkhand, no centro-norte da \u00cdndia. Segundo Fides, ap\u00f3s a not\u00edcia da convers\u00e3o ao cristianismo de 300 aut\u00f3ctones no distrito de Gumla, em Jharkhand, o grupo extremista hindu\u00edsta \u201cVishwa Hindu Parishad\u201d (VHP) iniciou [&hellip;]<\/p>\n","protected":false},"author":1,"featured_media":0,"comment_status":"open","ping_status":"open","sticky":false,"template":"","format":"standard","meta":{"footnotes":""},"categories":[4],"tags":[],"class_list":["post-11989","post","type-post","status-publish","format-standard","hentry","category-cotidiano"],"_links":{"self":[{"href":"https:\/\/catolicanet.net\/wp-cnet\/wp-json\/wp\/v2\/posts\/11989","targetHints":{"allow":["GET"]}}],"collection":[{"href":"https:\/\/catolicanet.net\/wp-cnet\/wp-json\/wp\/v2\/posts"}],"about":[{"href":"https:\/\/catolicanet.net\/wp-cnet\/wp-json\/wp\/v2\/types\/post"}],"author":[{"embeddable":true,"href":"https:\/\/catolicanet.net\/wp-cnet\/wp-json\/wp\/v2\/users\/1"}],"replies":[{"embeddable":true,"href":"https:\/\/catolicanet.net\/wp-cnet\/wp-json\/wp\/v2\/comments?post=11989"}],"version-history":[{"count":1,"href":"https:\/\/catolicanet.net\/wp-cnet\/wp-json\/wp\/v2\/posts\/11989\/revisions"}],"predecessor-version":[{"id":26760,"href":"https:\/\/catolicanet.net\/wp-cnet\/wp-json\/wp\/v2\/posts\/11989\/revisions\/26760"}],"wp:attachment":[{"href":"https:\/\/catolicanet.net\/wp-cnet\/wp-json\/wp\/v2\/media?parent=11989"}],"wp:term":[{"taxonomy":"category","embeddable":true,"href":"https:\/\/catolicanet.net\/wp-cnet\/wp-json\/wp\/v2\/categories?post=11989"},{"taxonomy":"post_tag","embeddable":true,"href":"https:\/\/catolicanet.net\/wp-cnet\/wp-json\/wp\/v2\/tags?post=11989"}],"curies":[{"name":"wp","href":"https:\/\/api.w.org\/{rel}","templated":true}]}}