{"id":11970,"date":"2015-10-14T18:42:16","date_gmt":"2015-10-14T21:42:16","guid":{"rendered":"http:\/\/catolicanet.net\/wp-cnet\/2015\/10\/14\/papa-volta-a-pedir-perdao-pelo-escandalo-contra-as-criancas\/"},"modified":"2017-05-30T15:15:38","modified_gmt":"2017-05-30T18:15:38","slug":"papa-volta-a-pedir-perdao-pelo-escandalo-contra-as-criancas","status":"publish","type":"post","link":"https:\/\/catolicanet.net\/wp-cnet\/papa-volta-a-pedir-perdao-pelo-escandalo-contra-as-criancas\/","title":{"rendered":"Papa volta a pedir perd\u00e3o pelo \u201cesc\u00e2ndalo\u201d contra as crian\u00e7as"},"content":{"rendered":"<p style=\"text-align: justify;\"><img decoding=\"async\" src=\"http:\/\/catolicanet.com.br\/images\/stories\/afp4594177_articolo.jpg\" border=\"0\" align=\"left\" \/>Na Audi\u00eancia Geral desta quarta-feira (14\/10), o Papa mais uma vez pediu perd\u00e3o pelo \u201cesc\u00e2ndalo\u201d dos abusos contra as crian\u00e7as.<\/p>\n<p>Assista em nosso canal VaticanBR<\/p>\n<p>\u201cA palavra de Jesus hoje \u00e9 forte: \u2018ai do mundo por causa dos esc\u00e2ndalos!\u2019. Jesus \u00e9 realista, diz que \u00e9 inevit\u00e1vel que esc\u00e2ndalos aconte\u00e7am, mas \u2018ai do homem pelo qual o esc\u00e2ndalo vem!\u2019. Antes de come\u00e7ar a catequese, quero pedir \u2013 em nome da Igreja \u2013 perd\u00e3o pelos esc\u00e2ndalos que foram cometidos nos \u00faltimos tempos, seja em Roma como no Vaticano. Pe\u00e7o perd\u00e3o\u201d.\u00a0\u00a0 <\/p>\n<p>A partir disso, Francisco refletiu sobre as promessas que fazemos \u00e0s crian\u00e7as. N\u00e3o sobre certifica\u00e7\u00f5es di\u00e1rias \u2013 especificou \u2013, mas \u00e0quelas decisivas para as expectativas em rela\u00e7\u00e3o \u00e0 vida.<\/p>\n<p>Diante de cerca de 30 mil pessoas, dentre as quais fi\u00e9is brasileiros de\u00a0 Santo Amaro e Mogi das Cruzes (SP), Bom Despacho (MG) e Montenegro (RS), al\u00e9m dos mineiros chilenos que sobreviveram ao soterramento na mina\u00a0 S\u00e3o Jos\u00e9 em 2010, o Pont\u00edfice refletiu sobre uma pergunta que dever\u00edamos fazer com mais frequ\u00eancia: \u201cat\u00e9 que ponto somos leais \u00e0s promessas que fazemos \u00e0s crian\u00e7as, ao faz\u00ea-los vir ao nosso mundo?\u201d<\/p>\n<p>Promessas<\/p>\n<p>A este pensamento, o Papa acrescentou: \u201cAcolhida e cuidado, proximidade e aten\u00e7\u00e3o, confian\u00e7a e esperan\u00e7a s\u00e3o promessas fundamentais, que convergem em uma s\u00f3: amor\u201d.<\/p>\n<p>\u201cEsta \u00e9 a maneira mais justa de acolher um ser humano que vem ao mundo, e todos n\u00f3s aprendemos, antes mesmo de ter consci\u00eancia disso. \u00c9 uma promessa que o homem e a mulher fazem a cada filho: desde quando \u00e9 concebido no pensamento\u201d, afirmou o Pont\u00edfice.<\/p>\n<p>Esc\u00e2ndalo<\/p>\n<p>Ao recordar que as crian\u00e7as que v\u00eam ao mundo esperam a confirma\u00e7\u00e3o dessa promessa, o Papa advertiu: \u201cQuando acontece o contr\u00e1rio, as crian\u00e7as s\u00e3o feridas por um \u2018esc\u00e2ndalo\u2019 insuport\u00e1vel, ainda mais grave, dado que n\u00e3o t\u00eam os meios para decifr\u00e1-lo. Deus vigia esta promessa desde o primeiro instante\u201d.<\/p>\n<p>Com uma cita\u00e7\u00e3o do Evangelho de Mateus, na qual Jesus diz que \u201cos anjos das crian\u00e7as veem continuamente a face de meu Pai\u201d, o Papa teceu uma outra reflex\u00e3o, com muito respeito e franqueza por todos:<\/p>\n<p>Futuro<\/p>\n<p>\u201cA espont\u00e2nea confian\u00e7a das crian\u00e7as em Deus n\u00e3o dever ser ferida jamais&#8230; A ternura e o misterioso la\u00e7o de Deus com a alma das crian\u00e7as nunca deveria ser violado\u201d.<\/p>\n<p>E concluiu: \u201cSomente se enxergarmos as crian\u00e7as com os olhos de Jesus, poderemos realmente entender como, ao defender a fam\u00edlia, protegemos a humanidade\u201d.<\/p>\n<p>Por fim, o Pont\u00edfice tamb\u00e9m convidou todos a trabalharem juntos pela erradica\u00e7\u00e3o da pobreza extrema e recordou que, devido ao mau tempo, os doentes assistiram \u00e0 Audi\u00eancia na Sala Paulo VI, onde o Papa lhes dirigiu algumas palavras antes de ir \u00e0 Pra\u00e7a S\u00e3o Pedro.<\/p>\n<p style=\"text-align: justify;\">Fonte: R\u00e1dio Vaticano<\/p>\n","protected":false},"excerpt":{"rendered":"<p>Na Audi\u00eancia Geral desta quarta-feira (14\/10), o Papa mais uma vez pediu perd\u00e3o pelo \u201cesc\u00e2ndalo\u201d dos abusos contra as crian\u00e7as. Assista em nosso canal VaticanBR \u201cA palavra de Jesus hoje \u00e9 forte: \u2018ai do mundo por causa dos esc\u00e2ndalos!\u2019. Jesus \u00e9 realista, diz que \u00e9 inevit\u00e1vel que esc\u00e2ndalos aconte\u00e7am, mas \u2018ai do homem pelo qual [&hellip;]<\/p>\n","protected":false},"author":1,"featured_media":0,"comment_status":"open","ping_status":"open","sticky":false,"template":"","format":"standard","meta":{"footnotes":""},"categories":[3],"tags":[],"class_list":["post-11970","post","type-post","status-publish","format-standard","hentry","category-vaticano"],"_links":{"self":[{"href":"https:\/\/catolicanet.net\/wp-cnet\/wp-json\/wp\/v2\/posts\/11970","targetHints":{"allow":["GET"]}}],"collection":[{"href":"https:\/\/catolicanet.net\/wp-cnet\/wp-json\/wp\/v2\/posts"}],"about":[{"href":"https:\/\/catolicanet.net\/wp-cnet\/wp-json\/wp\/v2\/types\/post"}],"author":[{"embeddable":true,"href":"https:\/\/catolicanet.net\/wp-cnet\/wp-json\/wp\/v2\/users\/1"}],"replies":[{"embeddable":true,"href":"https:\/\/catolicanet.net\/wp-cnet\/wp-json\/wp\/v2\/comments?post=11970"}],"version-history":[{"count":1,"href":"https:\/\/catolicanet.net\/wp-cnet\/wp-json\/wp\/v2\/posts\/11970\/revisions"}],"predecessor-version":[{"id":24633,"href":"https:\/\/catolicanet.net\/wp-cnet\/wp-json\/wp\/v2\/posts\/11970\/revisions\/24633"}],"wp:attachment":[{"href":"https:\/\/catolicanet.net\/wp-cnet\/wp-json\/wp\/v2\/media?parent=11970"}],"wp:term":[{"taxonomy":"category","embeddable":true,"href":"https:\/\/catolicanet.net\/wp-cnet\/wp-json\/wp\/v2\/categories?post=11970"},{"taxonomy":"post_tag","embeddable":true,"href":"https:\/\/catolicanet.net\/wp-cnet\/wp-json\/wp\/v2\/tags?post=11970"}],"curies":[{"name":"wp","href":"https:\/\/api.w.org\/{rel}","templated":true}]}}