{"id":11958,"date":"2015-10-11T03:00:00","date_gmt":"2015-10-11T06:00:00","guid":{"rendered":"http:\/\/catolicanet.net\/wp-cnet\/2015\/10\/11\/quem-encontrou-o-tesouro\/"},"modified":"2017-05-09T15:26:08","modified_gmt":"2017-05-09T18:26:08","slug":"quem-encontrou-o-tesouro","status":"publish","type":"post","link":"https:\/\/catolicanet.net\/wp-cnet\/quem-encontrou-o-tesouro\/","title":{"rendered":"Quem encontrou o tesouro&#8230;"},"content":{"rendered":"<p style=\"text-align: justify;\">Neste XXVIII Domingo do Tempo Comum somos exortados a uma viv\u00eancia crist\u00e3 com uma clara identidade no seguimento de Jesus Cristo. Antes de tudo, fixemos nosso olhar n\u2019Ele, que \u00e9 a Sabedoria de Deus, como diz S\u00e3o Paulo (cf. 1Cor 1, 24.30). Ele \u00e9 aquela de que fala a primeira leitura de hoje. Sim, car\u00edssimos no Senhor: encontrar Jesus vale mais que os cetros e tronos; em compara\u00e7\u00e3o com essa bendita Sabedoria, sa\u00edda do Pai no ventre da Virgem, as riquezas s\u00e3o sem valor porque ela \u00e9 a grande riqueza de nossa exist\u00eancia.<br \/> Vale a pena amar nosso Jesus, Sabedoria de Deus, mais que a sa\u00fade e a beleza; vale a pena possu\u00ed-lo mais que a luz, pois o esplendor que ele irradia n\u00e3o se apaga. \u2013 Sim, Senhor bendito, os que te amam brilham como o sol, como o sol ao amanhecer! Tu \u00e9s a luz do mundo, o esplendor do Pai, a luz de nossos olhos, a Sabedoria que d\u00e1 sentido \u00e0 nossa vida! Contigo, todos os bens desta vida nos s\u00e3o dados; sem ti nada \u00e9 verdadeiramente bom, nada dur\u00e1vel, nada encher\u00e1 verdadeiramente o nosso cora\u00e7\u00e3o! Bendito sejas tu, Senhor Jesus, Sabedoria eterna, sa\u00edda da boca do Pai para dar luz e sentido ao universo!<br \/> Jesus \u00e9 tamb\u00e9m a Palavra do Pai, Palavra viva, definitiva, eterna. A Palavra de Deus, car\u00edssimos, n\u00e3o \u00e9 primeiramente a B\u00edblia. A Palavra de Deus por excel\u00eancia \u00e9 Jesus: \u201cNo princ\u00edpio era a Palavra e a Palavra estava com Deus e a Palavra era Deus. Tudo foi feito por ela e sem ela nada foi feito de tudo quanto existe. E a Palavra se fez carne e habitou entre n\u00f3s\u201d! (Jo 1,1-2.14) <br \/> Eis, portanto: a B\u00edblia somente \u00e9 a Palavra de Deus porque d\u00e1 testemunho de Jesus \u2013 e n\u00e3o de qualquer Jesus, mas do Jesus crido, adorado, testemunhado e enunciado pela Igreja Cat\u00f3lica, fundada pelo pr\u00f3prio Cristo e por ele sustentada na sua Palavra pela for\u00e7a do Esp\u00edrito Santo da Verdade, que conduz sempre a Igreja \u00e0 verdade plena! Voltemos o olhar para Cristo: Ele \u00e9 \u201ca Palavra de Deus, viva e eficaz e mais cortante que qualquer espada de dois gumes. Ela julga os pensamentos e as inten\u00e7\u00f5es do cora\u00e7\u00e3o\u201d. Isso n\u00f3s sabemos, irm\u00e3os; isso experimentamos quando tantas vezes somos questionados pelo Senhor Jesus, que penetra at\u00e9 o \u00edntimo de n\u00f3s, com sua verdade, com sua exig\u00eancia, com os projetos que tem a nosso respeito. Cristo \u00e9 esta Palavra viva e definitiva de Deus: \u201cE n\u00e3o h\u00e1 criatura que possa ocultar-se diante dela. Tudo est\u00e1 nu e descoberto aos seus olhos, e \u00e9 a ela que devemos prestar contas\u201d.<br \/> O Senhor \u00e9 o crit\u00e9rio de nossa exist\u00eancia: quem nele cr\u00ea tem a vida; quem n\u00e3o cr\u00ea n\u00e3o conhecer\u00e1 nunca o verdadeiro e pleno sentido da vida! \u2013 Bendito sejas tu, Senhor Jesus, Palavra e Verdade do Pai! D\u00e1-nos a gra\u00e7a de vivermos em ti, de compreendermos que tu \u00e9s a nossa vida e que somente em ti nossa exist\u00eancia ser\u00e1 realmente plena de sentido e atingir\u00e1 o fim para que fomos criados. A ti a gl\u00f3ria, \u00f3 Cristo, Sabedoria e Palavra do Pai! A ti nosso amor, nossa adora\u00e7\u00e3o, nossa ilimitada entrega e confian\u00e7a, a ti a nossa vida toda inteira, \u00f3 Cristo nosso Deus!<br \/> Agora podemos compreender o Evangelho deste 28\u00ba. Domingo do Tempo Comum. Pensemos bem: A pergunta que este algu\u00e9m faz a Jesus n\u00e3o \u00e9 aquela mesma que n\u00f3s tantas vezes fazemos? N\u00e3o \u00e9 a pergunta definitiva da nossa exist\u00eancia? \u201cBom Mestre, que devo fazer de bom para ganhar a vida eterna\u201d? &#8211; Eis Senhor, qual dos caminhos da vida seguir? Qual me levar\u00e1 para mais longe ou para mais perto de ti? Dize-me, Mestre Bom!<br \/> A resposta de Jesus surpreende: \u201cPor que me chamas de bom? S\u00f3 Deus \u00e9 o Bom\u201d! \u00c9 verdade: s\u00f3 o Pai \u00e9 o Bom, \u00e9 a fonte eterna de toda bondade, como s\u00f3 o Pai \u00e9 o Santo e a fonte de toda Santidade. E, no entanto, o pr\u00f3prio Senhor afirma: \u201cTudo que o Pai tem \u00e9 meu. Eu e o Pai somos um. Quem me v\u00ea, v\u00ea o Pai\u201d! Por isso mesmo, sem medo, podemos dizer todos os domingos: \u201cS\u00f3 v\u00f3s sois o Santo, s\u00f3 v\u00f3s o Senhor, s\u00f3 v\u00f3s o Alt\u00edssimo, Jesus Cristo, com o Esp\u00edrito Santo na gl\u00f3ria de Deus Pai\u201d! Sim, meus caros, Jesus \u00e9 Bom porque vem do Pai, porque tudo recebeu do Pai e participa plenamente da plenitude de plena bondade que \u00e9 o Pai! Mas, \u201ctu conheces os mandamentos!\u201d \u2013 Jesus \u00e9 pr\u00e1tico, meus caros: indica ao algu\u00e9m que vem a ele os mandamentos; e notem bem: os mandamentos da segunda t\u00e1bua, aqueles que falam do amor e do respeito pelo pr\u00f3ximo! Vede, amados no Senhor, como o seguimento a Jesus exige atitudes muito concretas na nossa vida! Aquele l\u00e1, que buscava a vida respondeu feliz: \u201cMestre, tudo isso tenho observado desde a minha juventude\u201d! \u00a0\u00a0\u00a0 Nesse texto, a coisa boa \u00e9 que este homem \u00e9 realmente observante da Lei de Deus; a coisa ruim \u00e9 que ele parece satisfeito consigo mesmo; parece que, para ele, a religi\u00e3o consiste em fazer, em observar normas. Pronto. Fazendo isso, tudo bem! O Senhor \u00e9 exigente, o Senhor olha o cora\u00e7\u00e3o, o Senhor, Palavra \u201ct\u00e3o penetrante como espada de dois gumes\u201d, quer saber de nossas inten\u00e7\u00f5es e n\u00e3o se contenta com nada menos que nosso cora\u00e7\u00e3o e nossa vida! \u201cJesus olhou para ele com amor, e disse: \u2018S\u00f3 uma coisa te falta: vai, vende tudo que tens e d\u00e1 aos pobres, e ter\u00e1s um tesouro no c\u00e9u. Depois vem e segue-me\u201d! Meus irm\u00e3os, como Jesus \u00e9 bonito, como \u00e9 s\u00e1bio, como \u00e9 exigente, como vai direto ao ponto! Primeiro, vede como olha aquele l\u00e1: com amor, com aquele amor eterno com que nos amou e reservou para n\u00f3s o seu amor! Nunca esque\u00e7amos: suas exig\u00eancias s\u00e3o exig\u00eancias de amor.<br \/> Da\u00ed a dura constata\u00e7\u00e3o de Jesus: \u201cComo \u00e9 dif\u00edcil para os ricos entrar no Reino de Deus! \u00c9 mais f\u00e1cil um camelo passar pelo buraco da agulha do que um rico entrar no Reino de Deus! A palavra \u00e9 clara: \u00e9 mais f\u00e1cil um camelo passar pela agulha, que um rico entrar no Reino. Porque a riqueza \u2013 seja qual for ela \u2013 tende a nos apegar, a nos fechar, a nos fazer pensar que nos bastamos! Somente quem for pobre de cora\u00e7\u00e3o pode entrar no Reino, pois s\u00f3 quem \u00e9 pobre deixa que Deus reine de verdade na sua vida! E como \u00e9 dif\u00edcil para n\u00f3s, t\u00e3o f\u00e1ceis de sermos iludidos, compreender isso! Desapeguemo-nos, car\u00edssimos, de n\u00f3s mesmos; deixemo-nos para poder encontrar a vida verdadeira. Nunca ser\u00e1 digno de Jesus quem n\u00e3o tiver a coragem de tudo deixar por Jesus: \u201cQuem tiver deixado tudo por causa de mim e do Evangelho receber\u00e1 cem vezes mais agora, durante esta vida, com persegui\u00e7\u00f5es e, no futuro, a vida eterna\u201d.<\/p>\n","protected":false},"excerpt":{"rendered":"<p>Neste XXVIII Domingo do Tempo Comum somos exortados a uma viv\u00eancia crist\u00e3 com uma clara identidade no seguimento de Jesus Cristo. Antes de tudo, fixemos nosso olhar n\u2019Ele, que \u00e9 a Sabedoria de Deus, como diz S\u00e3o Paulo (cf. 1Cor 1, 24.30). Ele \u00e9 aquela de que fala a primeira leitura de hoje. Sim, car\u00edssimos [&hellip;]<\/p>\n","protected":false},"author":5,"featured_media":0,"comment_status":"open","ping_status":"open","sticky":false,"template":"","format":"standard","meta":{"footnotes":""},"categories":[9],"tags":[],"class_list":["post-11958","post","type-post","status-publish","format-standard","hentry","category-artigos"],"_links":{"self":[{"href":"https:\/\/catolicanet.net\/wp-cnet\/wp-json\/wp\/v2\/posts\/11958","targetHints":{"allow":["GET"]}}],"collection":[{"href":"https:\/\/catolicanet.net\/wp-cnet\/wp-json\/wp\/v2\/posts"}],"about":[{"href":"https:\/\/catolicanet.net\/wp-cnet\/wp-json\/wp\/v2\/types\/post"}],"author":[{"embeddable":true,"href":"https:\/\/catolicanet.net\/wp-cnet\/wp-json\/wp\/v2\/users\/5"}],"replies":[{"embeddable":true,"href":"https:\/\/catolicanet.net\/wp-cnet\/wp-json\/wp\/v2\/comments?post=11958"}],"version-history":[{"count":1,"href":"https:\/\/catolicanet.net\/wp-cnet\/wp-json\/wp\/v2\/posts\/11958\/revisions"}],"predecessor-version":[{"id":21917,"href":"https:\/\/catolicanet.net\/wp-cnet\/wp-json\/wp\/v2\/posts\/11958\/revisions\/21917"}],"wp:attachment":[{"href":"https:\/\/catolicanet.net\/wp-cnet\/wp-json\/wp\/v2\/media?parent=11958"}],"wp:term":[{"taxonomy":"category","embeddable":true,"href":"https:\/\/catolicanet.net\/wp-cnet\/wp-json\/wp\/v2\/categories?post=11958"},{"taxonomy":"post_tag","embeddable":true,"href":"https:\/\/catolicanet.net\/wp-cnet\/wp-json\/wp\/v2\/tags?post=11958"}],"curies":[{"name":"wp","href":"https:\/\/api.w.org\/{rel}","templated":true}]}}