{"id":11946,"date":"2015-10-09T15:00:51","date_gmt":"2015-10-09T18:00:51","guid":{"rendered":"http:\/\/catolicanet.net\/wp-cnet\/2015\/10\/09\/descontracao-e-fraternidade-entre-os-padres-sinodais\/"},"modified":"2017-06-02T10:15:39","modified_gmt":"2017-06-02T13:15:39","slug":"descontracao-e-fraternidade-entre-os-padres-sinodais","status":"publish","type":"post","link":"https:\/\/catolicanet.net\/wp-cnet\/descontracao-e-fraternidade-entre-os-padres-sinodais\/","title":{"rendered":"Descontra\u00e7\u00e3o e fraternidade entre os padres sinodais"},"content":{"rendered":"<p style=\"text-align: justify;\"><img decoding=\"async\" src=\"http:\/\/catolicanet.com.br\/images\/stories\/afp4593271_articolo.jpg\" border=\"0\" align=\"left\" \/>Descontra\u00e7\u00e3o e fraternidade: assim o Fr. Antonio Moser ofm define o ambiente vivido entre os padres sinodais. Fr. Moser \u00e9 Professor em\u00e9rito de Teologia Moral e \u00c9tica no Instituto Teol\u00f3gico Franciscano de Petr\u00f3polis (RJ) e participa deste S\u00ednodo dos Bispos sobre a fam\u00edlia como colaborador.<\/p>\n<p>Eis o que disse em entrevista \u00e0 R\u00e1dio Vaticano:<\/p>\n<p>\u201cEm primeiro lugar, o que me surpreende de uma maneira muito positiva \u00e9 o modo como os cardeais, bispos e arcebispos nos tratam. Como se f\u00f4ssemos iguais, ou seja, irm\u00e3os. H\u00e1 um ambiente muito descontra\u00eddo e muito fraterno. Isso d\u00e1 liberdade para as interven\u00e7\u00f5es, seja interven\u00e7\u00e3o no sentido de uma mudan\u00e7a, seja no sentido de acr\u00e9scimo. Mas n\u00f3s nos sentimos assim muito \u00e0 vontade para tomar a palavra e dizer o nosso pensar.\u201d<\/p>\n<p>Fr. Moser fala ainda de sua contribui\u00e7\u00e3o, quando falou das mudan\u00e7as antropol\u00f3gicas atuais. \u201cO homem de hoje n\u00e3o \u00e9 o mesmo de 20 anos atr\u00e1s, disse ele, inclusive por influ\u00eancia de medicamentos.\u201d<\/p>\n<p>Fonte: R\u00e1dio Vaticano<\/p>\n","protected":false},"excerpt":{"rendered":"<p>Descontra\u00e7\u00e3o e fraternidade: assim o Fr. Antonio Moser ofm define o ambiente vivido entre os padres sinodais. Fr. Moser \u00e9 Professor em\u00e9rito de Teologia Moral e \u00c9tica no Instituto Teol\u00f3gico Franciscano de Petr\u00f3polis (RJ) e participa deste S\u00ednodo dos Bispos sobre a fam\u00edlia como colaborador. Eis o que disse em entrevista \u00e0 R\u00e1dio Vaticano: \u201cEm [&hellip;]<\/p>\n","protected":false},"author":1,"featured_media":0,"comment_status":"open","ping_status":"open","sticky":false,"template":"","format":"standard","meta":{"footnotes":""},"categories":[3],"tags":[],"class_list":["post-11946","post","type-post","status-publish","format-standard","hentry","category-vaticano"],"_links":{"self":[{"href":"https:\/\/catolicanet.net\/wp-cnet\/wp-json\/wp\/v2\/posts\/11946","targetHints":{"allow":["GET"]}}],"collection":[{"href":"https:\/\/catolicanet.net\/wp-cnet\/wp-json\/wp\/v2\/posts"}],"about":[{"href":"https:\/\/catolicanet.net\/wp-cnet\/wp-json\/wp\/v2\/types\/post"}],"author":[{"embeddable":true,"href":"https:\/\/catolicanet.net\/wp-cnet\/wp-json\/wp\/v2\/users\/1"}],"replies":[{"embeddable":true,"href":"https:\/\/catolicanet.net\/wp-cnet\/wp-json\/wp\/v2\/comments?post=11946"}],"version-history":[{"count":1,"href":"https:\/\/catolicanet.net\/wp-cnet\/wp-json\/wp\/v2\/posts\/11946\/revisions"}],"predecessor-version":[{"id":27854,"href":"https:\/\/catolicanet.net\/wp-cnet\/wp-json\/wp\/v2\/posts\/11946\/revisions\/27854"}],"wp:attachment":[{"href":"https:\/\/catolicanet.net\/wp-cnet\/wp-json\/wp\/v2\/media?parent=11946"}],"wp:term":[{"taxonomy":"category","embeddable":true,"href":"https:\/\/catolicanet.net\/wp-cnet\/wp-json\/wp\/v2\/categories?post=11946"},{"taxonomy":"post_tag","embeddable":true,"href":"https:\/\/catolicanet.net\/wp-cnet\/wp-json\/wp\/v2\/tags?post=11946"}],"curies":[{"name":"wp","href":"https:\/\/api.w.org\/{rel}","templated":true}]}}