{"id":11927,"date":"2015-10-08T13:07:44","date_gmt":"2015-10-08T16:07:44","guid":{"rendered":"http:\/\/catolicanet.net\/wp-cnet\/2015\/10\/08\/portugal-igrejas-cristas-refletem-sobre-letica-e-economiar-no-contexto-de-crise\/"},"modified":"2017-05-31T16:25:13","modified_gmt":"2017-05-31T19:25:13","slug":"portugal-igrejas-cristas-refletem-sobre-letica-e-economiar-no-contexto-de-crise","status":"publish","type":"post","link":"https:\/\/catolicanet.net\/wp-cnet\/portugal-igrejas-cristas-refletem-sobre-letica-e-economiar-no-contexto-de-crise\/","title":{"rendered":"Portugal: Igrejas crist\u00e3s refletem sobre \u00ab\u00e9tica e economia\u00bb no contexto de crise"},"content":{"rendered":"<p style=\"text-align: justify;\"><img decoding=\"async\" src=\"http:\/\/catolicanet.com.br\/images\/stories\/o encontro_ecumenico.jpg\" border=\"0\" align=\"left\" \/>O Conselho Portugu\u00eas das Igrejas Crist\u00e3s (COPIC) e a Comiss\u00e3o Episcopal Miss\u00e3o e Nova Evangeliza\u00e7\u00e3o v\u00e3o promover um encontro sobre \u2018\u00c9tica e economia, uma contribui\u00e7\u00e3o das Igrejas em Portugal\u2019, a 10 de outubro, no Porto.<\/p>\n<p>\u201c[As Igrejas] n\u00e3o podem esconder princ\u00edpios e valores evang\u00e9licos que est\u00e3o na base dos direitos Humanos que urge a todo o custo defender e promover\u201d, explica a organiza\u00e7\u00e3o sobre o encontro a realizar na Casa da Torre da Marca.<\/p>\n<p>Num comunicado enviado hoje \u00e0 Ag\u00eancia ECCLESIA, a Comiss\u00e3o Ecum\u00eanica do Porto informa que est\u00e3o previstas duas comunica\u00e7\u00f5es entre as 10h45 e as 12h30.<\/p>\n<p>A primeira sobre as bases b\u00edblicas do tema do encontro, apresentada pelo bispo da Diocese de Lamego, D. Ant\u00f4nio Couto, e sobre a Economia de Comunh\u00e3o atrav\u00e9s da perspectiva de Iolanda Tovar, do Movimento dos Focolares.<\/p>\n<p>De tarde, a organiza\u00e7\u00e3o est\u00e1 a projetar um painel com representantes de \u201ca\u00e7\u00f5es concretas\u201d provenientes da Igreja Cat\u00f3lica, do COPIC e da Economia de Comunh\u00e3o, entre as 14h00 e as 16h00.<\/p>\n<p>\u2018\u00c9tica e economia, uma contribui\u00e7\u00e3o das Igrejas em Portugal\u2019 \u00e9 uma iniciativa ecum\u00eanica sobre um tema transversal \u00e0s Igrejas Crist\u00e3s, que querem encontrar-se na reflex\u00e3o para colaborarem na a\u00e7\u00e3o com \u201ctodas as for\u00e7as e institui\u00e7\u00f5es ao servi\u00e7o do bem comum\u201d.<\/p>\n<p style=\"text-align: justify;\">Fonte: Ag\u00eancia Ecclesia<\/p>\n","protected":false},"excerpt":{"rendered":"<p>O Conselho Portugu\u00eas das Igrejas Crist\u00e3s (COPIC) e a Comiss\u00e3o Episcopal Miss\u00e3o e Nova Evangeliza\u00e7\u00e3o v\u00e3o promover um encontro sobre \u2018\u00c9tica e economia, uma contribui\u00e7\u00e3o das Igrejas em Portugal\u2019, a 10 de outubro, no Porto. \u201c[As Igrejas] n\u00e3o podem esconder princ\u00edpios e valores evang\u00e9licos que est\u00e3o na base dos direitos Humanos que urge a todo [&hellip;]<\/p>\n","protected":false},"author":1,"featured_media":0,"comment_status":"open","ping_status":"open","sticky":false,"template":"","format":"standard","meta":{"footnotes":""},"categories":[4],"tags":[],"class_list":["post-11927","post","type-post","status-publish","format-standard","hentry","category-cotidiano"],"_links":{"self":[{"href":"https:\/\/catolicanet.net\/wp-cnet\/wp-json\/wp\/v2\/posts\/11927","targetHints":{"allow":["GET"]}}],"collection":[{"href":"https:\/\/catolicanet.net\/wp-cnet\/wp-json\/wp\/v2\/posts"}],"about":[{"href":"https:\/\/catolicanet.net\/wp-cnet\/wp-json\/wp\/v2\/types\/post"}],"author":[{"embeddable":true,"href":"https:\/\/catolicanet.net\/wp-cnet\/wp-json\/wp\/v2\/users\/1"}],"replies":[{"embeddable":true,"href":"https:\/\/catolicanet.net\/wp-cnet\/wp-json\/wp\/v2\/comments?post=11927"}],"version-history":[{"count":1,"href":"https:\/\/catolicanet.net\/wp-cnet\/wp-json\/wp\/v2\/posts\/11927\/revisions"}],"predecessor-version":[{"id":27072,"href":"https:\/\/catolicanet.net\/wp-cnet\/wp-json\/wp\/v2\/posts\/11927\/revisions\/27072"}],"wp:attachment":[{"href":"https:\/\/catolicanet.net\/wp-cnet\/wp-json\/wp\/v2\/media?parent=11927"}],"wp:term":[{"taxonomy":"category","embeddable":true,"href":"https:\/\/catolicanet.net\/wp-cnet\/wp-json\/wp\/v2\/categories?post=11927"},{"taxonomy":"post_tag","embeddable":true,"href":"https:\/\/catolicanet.net\/wp-cnet\/wp-json\/wp\/v2\/tags?post=11927"}],"curies":[{"name":"wp","href":"https:\/\/api.w.org\/{rel}","templated":true}]}}