{"id":11924,"date":"2015-10-08T12:36:56","date_gmt":"2015-10-08T15:36:56","guid":{"rendered":"http:\/\/catolicanet.net\/wp-cnet\/2015\/10\/08\/dia-mundial-da-visao-a-cada-minuto-uma-crianca-fica-cega\/"},"modified":"2017-06-02T10:15:41","modified_gmt":"2017-06-02T13:15:41","slug":"dia-mundial-da-visao-a-cada-minuto-uma-crianca-fica-cega","status":"publish","type":"post","link":"https:\/\/catolicanet.net\/wp-cnet\/dia-mundial-da-visao-a-cada-minuto-uma-crianca-fica-cega\/","title":{"rendered":"Dia Mundial da Vis\u00e3o: a cada minuto uma crian\u00e7a fica cega"},"content":{"rendered":"<p style=\"text-align: justify;\"><img decoding=\"async\" src=\"http:\/\/catolicanet.com.br\/images\/stories\/other1223694_articolo.jpg\" border=\"0\" align=\"left\" \/>Celebra-se nesta quinta-feira (08\/10), o 16\u00ba Dia Mundial da Vis\u00e3o.<\/p>\n<p>Curar uma catarata ou comprar \u00f3culos em algumas \u00e1reas do mundo se tornou uma rotina,\u00a0 mas\u00a0 \u00e9 raridade em outras partes do Planeta. <\/p>\n<p>Segundo a Organiza\u00e7\u00e3o Mundial da Sa\u00fade (OMS), a falta desses servi\u00e7os e\u00a0 instrumentos se torna um fator de risco para milh\u00f5es de crian\u00e7as que vivem nos pa\u00edses em desenvolvimento. <\/p>\n<p>Por ocasi\u00e3o do dia, a Ong CBM It\u00e1lia (Christian Blind Mission), lan\u00e7ou a campanha \u201cAbramos os olhos\u201d para conscientizar e arrecadar fundos, de acordo com as recomenda\u00e7\u00f5es da OMS, para a elimina\u00e7\u00e3o da cegueira evit\u00e1vel.<\/p>\n<p>Hoje, a marcha da cegueira infantil continua em ritmo acelerado: a cada minuto uma crian\u00e7a fica cega. Bastaria um diagn\u00f3stico precoce para curar as causas principais da cegueira e patologias oculares.<\/p>\n<p>Segundo a OMS, nos 40% dos casos as causas que determinam a cegueira infantil s\u00e3o cur\u00e1veis. Se n\u00e3o se interv\u00e9m tempestivamente, 60% das crian\u00e7as que se tornam cegas morrem at\u00e9 um ano depois que perderam a vista.<\/p>\n<p>De acordo com a Ag\u00eancia Fides, este ano, CBM It\u00e1lia\u00a0 decidiu intervir em 15 pa\u00edses entre \u00c1frica, Am\u00e9rica Latina e \u00c1sia atrav\u00e9s de 19 hospitais e cl\u00ednicas oft\u00e1lmicas m\u00f3veis. O nosso objetivo \u00e9 alcan\u00e7ar 13 mil pessoas com 7 mil cirurgias em crian\u00e7as e adultos e a distribui\u00e7\u00e3o de 6 mil \u00f3culos para corrigir os defeitos refrativos. <\/p>\n<p>Os m\u00e9dicos de CBM poder\u00e3o assim operar as crian\u00e7as de fam\u00edlias pobres, criar cl\u00ednicas oculistas m\u00f3veis e atividades de triagem para acompanhar aqueles que vivem nas \u00e1reas mais remotas e n\u00e3o t\u00eam a possibilidade de chegar aos hospitais nas cidades.<\/p>\n<p>Qu\u00eania \u00e9 um dos pa\u00edses que se beneficia da campanha \u201cAbramos os olhos\u201d. Outros pa\u00edses s\u00e3o: Eti\u00f3pia, Sud\u00e3o do Sul, Rep\u00fablica Democr\u00e1tica do Congo, Ruanda, Nig\u00e9ria, Tanz\u00e2nia, Uganda, Z\u00e2mbia, Bol\u00edvia, Brasil, Haiti, El Salvador, \u00cdndia e Nepal.<\/p>\n<p style=\"text-align: justify;\">Fonte: R\u00e1dio Vaticano<\/p>\n","protected":false},"excerpt":{"rendered":"<p>Celebra-se nesta quinta-feira (08\/10), o 16\u00ba Dia Mundial da Vis\u00e3o. Curar uma catarata ou comprar \u00f3culos em algumas \u00e1reas do mundo se tornou uma rotina,\u00a0 mas\u00a0 \u00e9 raridade em outras partes do Planeta. Segundo a Organiza\u00e7\u00e3o Mundial da Sa\u00fade (OMS), a falta desses servi\u00e7os e\u00a0 instrumentos se torna um fator de risco para milh\u00f5es de [&hellip;]<\/p>\n","protected":false},"author":1,"featured_media":0,"comment_status":"open","ping_status":"open","sticky":false,"template":"","format":"standard","meta":{"footnotes":""},"categories":[3],"tags":[],"class_list":["post-11924","post","type-post","status-publish","format-standard","hentry","category-vaticano"],"_links":{"self":[{"href":"https:\/\/catolicanet.net\/wp-cnet\/wp-json\/wp\/v2\/posts\/11924","targetHints":{"allow":["GET"]}}],"collection":[{"href":"https:\/\/catolicanet.net\/wp-cnet\/wp-json\/wp\/v2\/posts"}],"about":[{"href":"https:\/\/catolicanet.net\/wp-cnet\/wp-json\/wp\/v2\/types\/post"}],"author":[{"embeddable":true,"href":"https:\/\/catolicanet.net\/wp-cnet\/wp-json\/wp\/v2\/users\/1"}],"replies":[{"embeddable":true,"href":"https:\/\/catolicanet.net\/wp-cnet\/wp-json\/wp\/v2\/comments?post=11924"}],"version-history":[{"count":1,"href":"https:\/\/catolicanet.net\/wp-cnet\/wp-json\/wp\/v2\/posts\/11924\/revisions"}],"predecessor-version":[{"id":27861,"href":"https:\/\/catolicanet.net\/wp-cnet\/wp-json\/wp\/v2\/posts\/11924\/revisions\/27861"}],"wp:attachment":[{"href":"https:\/\/catolicanet.net\/wp-cnet\/wp-json\/wp\/v2\/media?parent=11924"}],"wp:term":[{"taxonomy":"category","embeddable":true,"href":"https:\/\/catolicanet.net\/wp-cnet\/wp-json\/wp\/v2\/categories?post=11924"},{"taxonomy":"post_tag","embeddable":true,"href":"https:\/\/catolicanet.net\/wp-cnet\/wp-json\/wp\/v2\/tags?post=11924"}],"curies":[{"name":"wp","href":"https:\/\/api.w.org\/{rel}","templated":true}]}}