{"id":11921,"date":"2015-10-08T11:28:33","date_gmt":"2015-10-08T14:28:33","guid":{"rendered":"http:\/\/catolicanet.net\/wp-cnet\/2015\/10\/08\/na-audiencia-geral-papa-francisco-pede-oracoes-pelos-trabalhos-do-sinodo\/"},"modified":"2017-05-26T16:40:59","modified_gmt":"2017-05-26T19:40:59","slug":"na-audiencia-geral-papa-francisco-pede-oracoes-pelos-trabalhos-do-sinodo","status":"publish","type":"post","link":"https:\/\/catolicanet.net\/wp-cnet\/na-audiencia-geral-papa-francisco-pede-oracoes-pelos-trabalhos-do-sinodo\/","title":{"rendered":"Na audi\u00eancia geral, papa Francisco pede ora\u00e7\u00f5es pelos trabalhos do S\u00ednodo"},"content":{"rendered":"<p style=\"text-align: justify;\"><img decoding=\"async\" src=\"http:\/\/catolicanet.com.br\/images\/stories\/0 papa071015.jpg\" border=\"0\" align=\"left\" \/>Para Francisco, &#8220;a fam\u00edlia que percorre o caminho do Senhor \u00e9 um testemunho fundamental do amor de Deus&#8221;<\/p>\n<p>Milhares de peregrinos participaram da audi\u00eancia geral, nesta quarta-feira, 7, no Vaticano. Durante a catequese, Francisco convidou os fi\u00e9is a seguirem o exemplo de S\u00e3o Jo\u00e3o Ap\u00f3stolo. \u201cComo ele, acolham Maria em suas casas e deem-lhe espa\u00e7o em suas vidas cotidianas para que sua materna assist\u00eancia seja fonte de serenidade e de for\u00e7a\u201d, disse. <\/p>\n<p>Ao recordar o tema do S\u00ednodo dos Bispos, &#8220;A voca\u00e7\u00e3o e a miss\u00e3o da fam\u00edlia na Igreja e no mundo contempor\u00e2neo&#8221;, Francisco disse que \u201ca fam\u00edlia que percorre o caminho do Senhor \u00e9 um testemunho fundamental do amor de Deus e, consequentemente, merece toda a dedica\u00e7\u00e3o da Igreja\u201d. <\/p>\n<p>Segundo o papa, homens e mulheres de hoje necessitam de uma \u201cinje\u00e7\u00e3o de esp\u00edrito\u201d de fam\u00edlia. \u201cO estilo dos relacionamentos atuais \u2013 civis, econ\u00f4micos, jur\u00eddicos, profissionais e de cidadania \u2013 \u00e9 racional, formal, organizado. Em poucas palavras \u2018desidratado\u2019, \u00e1rido, an\u00f4nimo. \u00c0s vezes, estas rela\u00e7\u00f5es tornam-se insuport\u00e1veis porque relegam \u00e0 solid\u00e3o e ao \u2018descarte\u2019 um n\u00famero sempre maior de pessoas\u201d, lembrou. <\/p>\n<p>Respeito e amor<\/p>\n<p>Ao falar os filhos, Francisco disse que eles aprendem que as rela\u00e7\u00f5es humanas devem edificar-se sobre a alian\u00e7a livre do amor e que assimilam a necessidade de tecer la\u00e7os de fidelidade, sinceridade, confian\u00e7a e coopera\u00e7\u00e3o e respeito, sobretudo pelos mais necessitados.<\/p>\n<p>\u201cEnsina-se a honrar a palavra, a respeitar cada pessoa e compreender seus limites. A fam\u00edlia favorece uma aten\u00e7\u00e3o insubstitu\u00edvel aos membros mais vulner\u00e1veis, feridos e devastados em suas vidas\u201d, disse o papa. <\/p>\n<p>Antes de encerrar a catequese, dirigiu mensagem especial aos jovens, noivos e doentes. \u201cQueridos jovens, que a esperan\u00e7a que habita no cora\u00e7\u00e3o de Maria lhes d\u00ea coragem para as grandes escolhas da vida; queridos doentes, que a for\u00e7a da M\u00e3e nos p\u00e9s da cruz os ampare nos momentos mais dif\u00edceis; queridos casais, que a ternura materna Daquela que acolheu em seu ventre Jesus acompanhe a nova vida familiar que acabam de iniciar\u201d.<\/p>\n<p>Ao concluir a reflex\u00e3o pediu para que rezem \u201cpelos padres sinodais, para que, iluminados pelo Esp\u00edrito Santo, possam dar \u00e0 Igreja, como fam\u00edlia de Deus, novo impulso para lan\u00e7ar as suas redes que libertam os homens da indiferen\u00e7a e do abandono, promovendo o esp\u00edrito familiar no mundo\u201d.<br \/>CNBB com informa\u00e7\u00f5es do News.va.<\/p>\n<p style=\"text-align: justify;\">Fonte: CNBB<\/p>\n","protected":false},"excerpt":{"rendered":"<p>Para Francisco, &#8220;a fam\u00edlia que percorre o caminho do Senhor \u00e9 um testemunho fundamental do amor de Deus&#8221; Milhares de peregrinos participaram da audi\u00eancia geral, nesta quarta-feira, 7, no Vaticano. Durante a catequese, Francisco convidou os fi\u00e9is a seguirem o exemplo de S\u00e3o Jo\u00e3o Ap\u00f3stolo. \u201cComo ele, acolham Maria em suas casas e deem-lhe espa\u00e7o [&hellip;]<\/p>\n","protected":false},"author":1,"featured_media":0,"comment_status":"open","ping_status":"open","sticky":false,"template":"","format":"standard","meta":{"footnotes":""},"categories":[7],"tags":[],"class_list":["post-11921","post","type-post","status-publish","format-standard","hentry","category-cnbb"],"_links":{"self":[{"href":"https:\/\/catolicanet.net\/wp-cnet\/wp-json\/wp\/v2\/posts\/11921","targetHints":{"allow":["GET"]}}],"collection":[{"href":"https:\/\/catolicanet.net\/wp-cnet\/wp-json\/wp\/v2\/posts"}],"about":[{"href":"https:\/\/catolicanet.net\/wp-cnet\/wp-json\/wp\/v2\/types\/post"}],"author":[{"embeddable":true,"href":"https:\/\/catolicanet.net\/wp-cnet\/wp-json\/wp\/v2\/users\/1"}],"replies":[{"embeddable":true,"href":"https:\/\/catolicanet.net\/wp-cnet\/wp-json\/wp\/v2\/comments?post=11921"}],"version-history":[{"count":1,"href":"https:\/\/catolicanet.net\/wp-cnet\/wp-json\/wp\/v2\/posts\/11921\/revisions"}],"predecessor-version":[{"id":24063,"href":"https:\/\/catolicanet.net\/wp-cnet\/wp-json\/wp\/v2\/posts\/11921\/revisions\/24063"}],"wp:attachment":[{"href":"https:\/\/catolicanet.net\/wp-cnet\/wp-json\/wp\/v2\/media?parent=11921"}],"wp:term":[{"taxonomy":"category","embeddable":true,"href":"https:\/\/catolicanet.net\/wp-cnet\/wp-json\/wp\/v2\/categories?post=11921"},{"taxonomy":"post_tag","embeddable":true,"href":"https:\/\/catolicanet.net\/wp-cnet\/wp-json\/wp\/v2\/tags?post=11921"}],"curies":[{"name":"wp","href":"https:\/\/api.w.org\/{rel}","templated":true}]}}