{"id":11920,"date":"2015-10-08T11:16:19","date_gmt":"2015-10-08T14:16:19","guid":{"rendered":"http:\/\/catolicanet.net\/wp-cnet\/2015\/10\/08\/diocese-realiza-concilio-de-juventude\/"},"modified":"2017-05-26T16:47:15","modified_gmt":"2017-05-26T19:47:15","slug":"diocese-realiza-concilio-de-juventude","status":"publish","type":"post","link":"https:\/\/catolicanet.net\/wp-cnet\/diocese-realiza-concilio-de-juventude\/","title":{"rendered":"Diocese realiza Conc\u00edlio de Juventude"},"content":{"rendered":"<p style=\"text-align: justify;\"><img decoding=\"async\" src=\"http:\/\/catolicanet.com.br\/images\/stories\/conciliobarra_do_pirai.jpg\" border=\"0\" align=\"left\" \/>Evento em Volta Redonda reuniu mais de dois mil jovens<\/p>\n<p style=\"text-align: justify;\">Divulga\u00e7\u00e3o<\/p>\n<p>A diocese de Barra do Pira\u00ed-Volta Redonda (RJ) reuniu cerca de dois mil jovens no Pavilh\u00e3o da Ilha S\u00e3o Jo\u00e3o, em Volta Redonda, para o Conc\u00edlio de Juventude. Realizado nos dias 3 e 4 de outubro, o evento teve como tema \u201cIde sem medo para servir com amor\u201d e foi promovido pelo Setor Diocesano de Juventude.<\/p>\n<p>O bispo local e presidente da Comiss\u00e3o Episcopal Pastoral para o Ecumenismo e o Di\u00e1logo Inter-Religioso da Confer\u00eancia Nacional dos Bispos do Brasil (CNBB), dom Francisco Biasin, esteve presente durante todo o evento e assessorou um momento de aprofundamento da tem\u00e1tica proposta. O bispo falou sobre \u201cServir com amor\u201d e destacou o servi\u00e7o como parte da dimens\u00e3o evang\u00e9lica da vida. Para dom Biasin, o jovem como ser social deve avan\u00e7ar o processo de mudan\u00e7a na sociedade.<\/p>\n<p>\u201cO pr\u00f3prio Jesus disse: `Eu vim para servir e n\u00e3o para ser servido\u201d, e veio para dar a vida em resgate de muitos. A juventude \u00e9 chamada a fazer mudan\u00e7as radicais na vida pessoal e na sociedade. O mundo de hoje n\u00e3o vai bem, com grandes injusti\u00e7as e falta de esperan\u00e7as que degradam a pessoa humana\u201d, disse o bispo.<\/p>\n<p>Ao recordar o papa Francisco, o bispo deu indica\u00e7\u00f5es aos presentes a respeito da mudan\u00e7a que deve ser encaminhada por eles. \u201cO papa Francisco chama os jovens de `semeadores de mudan\u00e7a\u00b4 para que fa\u00e7am do mundo um lugar mais justo, fraterno e solid\u00e1rio, n\u00e3o com sentimento de revolta, n\u00e3o se conformar com aquilo que nos apresentam como um pacote pelos meios de comunica\u00e7\u00e3o social, n\u00e3o podemos nos conformar com as injusti\u00e7as deste mundo\u201d, salientou.<br \/>Prepara\u00e7\u00e3o<\/p>\n<p>O Conc\u00edlio de Juventude foi antecedido por um processo de discuss\u00f5es com os jovens de quatro regi\u00f5es pastorais da diocese. Os chamados \u201cpr\u00e9-conc\u00edlios\u201d aconteceram em Resende (RJ), Barra Mansa (RJ), Barra do Pira\u00ed (RJ) e Volta Redonda com a abordagem de quest\u00f5es sociais relacionadas \u00e0 juventude no contexto da fam\u00edlia, da comunidade, do bairro, da sociedade, da comunica\u00e7\u00e3o e da educa\u00e7\u00e3o.<\/p>\n<p>Os resultados do processo foram apresentados durante o evento pelo assessor do Setor Diocesano de Juventude, padre Carlos Alberto J\u00fanior. O sacerdote observou a necessidade de manter a unidade na diversidade e a comunh\u00e3o dos diferentes carismas dos trabalhos com os jovens.<\/p>\n<p>O assessor do Setor Juventude do regional Leste 1 da CNBB, padre Andr\u00e9, apresentou o tema \u201cIde sem medo\u201d. O presb\u00edtero chamou aten\u00e7\u00e3o para o encorajamento de jovens para que \u201cassumam sua miss\u00e3o\u201d. Esse compromisso deve manifestar-se no impulso de desenvolvimento de um \u201ccaminho de experi\u00eancia do amor de Deus\u201d.<br \/>Atividades<\/p>\n<p>Entre as atividades do Conc\u00edlio na diocese de Barra do Pira\u00ed-Volta Redonda, aconteceu a recorda\u00e7\u00e3o dos 30 anos do Dia Nacional da Juventude (DNJ). Integrantes da Pastoral da Juventude (PJ) lembraram a trajet\u00f3ria hist\u00f3rica da Pastoral por meio de m\u00fasicas e coreografias.<\/p>\n<p>Entre as atra\u00e7\u00f5es culturais do evento estiveram a banda Miss\u00e3o Resgate, de Volta Redonda, e a cantora Ol\u00edvia Ferreira, do Rio de Janeiro.<\/p>\n<p>O Conc\u00edlio ainda contou com a participa\u00e7\u00e3o da Comunidade Beth\u00e2nia, uma comunidade Cat\u00f3lica que atua h\u00e1 20 anos no acolhimento de pessoas com problemas relacionados \u00e0s drogas, abandono e doen\u00e7as. <\/p>\n<p>Ao final do encontro, dom Francisco Biasin presidiu a missa de encerramento do Conc\u00edlio de Juventude.<br \/>Com informa\u00e7\u00f5es e fotoa da diocese de Barra do Pira\u00ed-Volta Redonda<\/p>\n<p style=\"text-align: justify;\">Fonte: CNBB<\/p>\n","protected":false},"excerpt":{"rendered":"<p>Evento em Volta Redonda reuniu mais de dois mil jovens Divulga\u00e7\u00e3o A diocese de Barra do Pira\u00ed-Volta Redonda (RJ) reuniu cerca de dois mil jovens no Pavilh\u00e3o da Ilha S\u00e3o Jo\u00e3o, em Volta Redonda, para o Conc\u00edlio de Juventude. Realizado nos dias 3 e 4 de outubro, o evento teve como tema \u201cIde sem medo [&hellip;]<\/p>\n","protected":false},"author":1,"featured_media":0,"comment_status":"open","ping_status":"open","sticky":false,"template":"","format":"standard","meta":{"footnotes":""},"categories":[7],"tags":[],"class_list":["post-11920","post","type-post","status-publish","format-standard","hentry","category-cnbb"],"_links":{"self":[{"href":"https:\/\/catolicanet.net\/wp-cnet\/wp-json\/wp\/v2\/posts\/11920","targetHints":{"allow":["GET"]}}],"collection":[{"href":"https:\/\/catolicanet.net\/wp-cnet\/wp-json\/wp\/v2\/posts"}],"about":[{"href":"https:\/\/catolicanet.net\/wp-cnet\/wp-json\/wp\/v2\/types\/post"}],"author":[{"embeddable":true,"href":"https:\/\/catolicanet.net\/wp-cnet\/wp-json\/wp\/v2\/users\/1"}],"replies":[{"embeddable":true,"href":"https:\/\/catolicanet.net\/wp-cnet\/wp-json\/wp\/v2\/comments?post=11920"}],"version-history":[{"count":1,"href":"https:\/\/catolicanet.net\/wp-cnet\/wp-json\/wp\/v2\/posts\/11920\/revisions"}],"predecessor-version":[{"id":24093,"href":"https:\/\/catolicanet.net\/wp-cnet\/wp-json\/wp\/v2\/posts\/11920\/revisions\/24093"}],"wp:attachment":[{"href":"https:\/\/catolicanet.net\/wp-cnet\/wp-json\/wp\/v2\/media?parent=11920"}],"wp:term":[{"taxonomy":"category","embeddable":true,"href":"https:\/\/catolicanet.net\/wp-cnet\/wp-json\/wp\/v2\/categories?post=11920"},{"taxonomy":"post_tag","embeddable":true,"href":"https:\/\/catolicanet.net\/wp-cnet\/wp-json\/wp\/v2\/tags?post=11920"}],"curies":[{"name":"wp","href":"https:\/\/api.w.org\/{rel}","templated":true}]}}