{"id":11894,"date":"2015-10-06T16:38:44","date_gmt":"2015-10-06T19:38:44","guid":{"rendered":"http:\/\/catolicanet.net\/wp-cnet\/2015\/10\/06\/papa-vai-destinar-crucifixo-de-quase-3m-a-comunidade-crista\/"},"modified":"2017-06-02T13:09:43","modified_gmt":"2017-06-02T16:09:43","slug":"papa-vai-destinar-crucifixo-de-quase-3m-a-comunidade-crista","status":"publish","type":"post","link":"https:\/\/catolicanet.net\/wp-cnet\/papa-vai-destinar-crucifixo-de-quase-3m-a-comunidade-crista\/","title":{"rendered":"Papa vai destinar crucifixo de quase 3m \u00e0 comunidade crist\u00e3"},"content":{"rendered":"<p style=\"text-align: justify;\"><img decoding=\"async\" src=\"http:\/\/catolicanet.com.br\/images\/stories\/00 ansa627178_articolo.jpg\" border=\"0\" align=\"left\" \/>Um crucifixo de quase 3 metros de altura ser\u00e1 doado ao Papa quando da sua visita a Floren\u00e7a, no pr\u00f3ximo dia 10 de novembro. \u201cSinal de afeto e proximidade ao Papa Francisco\u201d, a obra ficar\u00e1 exposta na capela de Santa Ana na Bas\u00edlica de S\u00e3o Louren\u00e7o at\u00e9 a chegada do Papa \u00e0 cidade, que a destinar\u00e1 ent\u00e3o a uma comunidade crist\u00e3.<\/p>\n<p>A obra, financiada pelas ofertas dos fi\u00e9is da par\u00f3quia de S\u00e3o Louren\u00e7o, foi realizada a partir da fus\u00e3o de alum\u00ednio e patinada com per\u00f3xido de ferro sobre uma cruz de madeira gra\u00e7as \u00e0 t\u00e9cnica da cera persa.<\/p>\n<p>\u201cEstamos muito felizes em poder oferecer este presente ao Papa\u201d \u2013 explicou o p\u00e1roco Marco Viola. \u201cO crucifico tamb\u00e9m \u00e9 fruto da convers\u00e3o na f\u00e9 de um fiel que pede para ficar no anonimato. \u00c9 importante destacar ainda que o custo da obra tenha sido coberto pelas ofertas de nossos fi\u00e9is\u201d, concluiu o p\u00e1roco.<\/p>\n","protected":false},"excerpt":{"rendered":"<p>Um crucifixo de quase 3 metros de altura ser\u00e1 doado ao Papa quando da sua visita a Floren\u00e7a, no pr\u00f3ximo dia 10 de novembro. \u201cSinal de afeto e proximidade ao Papa Francisco\u201d, a obra ficar\u00e1 exposta na capela de Santa Ana na Bas\u00edlica de S\u00e3o Louren\u00e7o at\u00e9 a chegada do Papa \u00e0 cidade, que a [&hellip;]<\/p>\n","protected":false},"author":1,"featured_media":0,"comment_status":"open","ping_status":"open","sticky":false,"template":"","format":"standard","meta":{"footnotes":""},"categories":[3],"tags":[],"class_list":["post-11894","post","type-post","status-publish","format-standard","hentry","category-vaticano"],"_links":{"self":[{"href":"https:\/\/catolicanet.net\/wp-cnet\/wp-json\/wp\/v2\/posts\/11894","targetHints":{"allow":["GET"]}}],"collection":[{"href":"https:\/\/catolicanet.net\/wp-cnet\/wp-json\/wp\/v2\/posts"}],"about":[{"href":"https:\/\/catolicanet.net\/wp-cnet\/wp-json\/wp\/v2\/types\/post"}],"author":[{"embeddable":true,"href":"https:\/\/catolicanet.net\/wp-cnet\/wp-json\/wp\/v2\/users\/1"}],"replies":[{"embeddable":true,"href":"https:\/\/catolicanet.net\/wp-cnet\/wp-json\/wp\/v2\/comments?post=11894"}],"version-history":[{"count":1,"href":"https:\/\/catolicanet.net\/wp-cnet\/wp-json\/wp\/v2\/posts\/11894\/revisions"}],"predecessor-version":[{"id":28406,"href":"https:\/\/catolicanet.net\/wp-cnet\/wp-json\/wp\/v2\/posts\/11894\/revisions\/28406"}],"wp:attachment":[{"href":"https:\/\/catolicanet.net\/wp-cnet\/wp-json\/wp\/v2\/media?parent=11894"}],"wp:term":[{"taxonomy":"category","embeddable":true,"href":"https:\/\/catolicanet.net\/wp-cnet\/wp-json\/wp\/v2\/categories?post=11894"},{"taxonomy":"post_tag","embeddable":true,"href":"https:\/\/catolicanet.net\/wp-cnet\/wp-json\/wp\/v2\/tags?post=11894"}],"curies":[{"name":"wp","href":"https:\/\/api.w.org\/{rel}","templated":true}]}}